{"id":1419,"date":"2013-07-01T10:15:40","date_gmt":"2013-07-01T10:15:40","guid":{"rendered":"http:\/\/www.asukkaidenvantaa.fi\/?p=1419"},"modified":"2013-07-01T12:49:14","modified_gmt":"2013-07-01T12:49:14","slug":"vantaan-vammaisneuvosto-huolissaan-kuntoutusten-leikkauksista","status":"publish","type":"post","link":"https:\/\/www.asukkaidenvantaa.fi\/?p=1419","title":{"rendered":"Vantaan vammaisneuvosto huolissaan kuntoutusten leikkauksista"},"content":{"rendered":"<p><strong>Vammaisten henkil\u00f6iden kuntouksia leikattu jopa yli puolella.<\/strong><br \/>\nTVO Vantaan talous -ja velkaohjelma uhkaa romuttaa vammaisten henkil\u00f6iden kuntoutuksen. Vammaisten henkil\u00f6iden toimintakyvyn s\u00e4ilymiseen on kuntoutuksella keskeinen vaikutus.<\/p>\n<p>Vammaisneuvosto k\u00e4sitteli kuntoutusasiaa kokouksessaan jossa todettiin monen vammaisen henkil\u00f6n tilanteen muuttuneen huonompaan suuntaan kuntoutuksen v\u00e4henmisen seurauksena.<\/p>\n<p>Vammaisneuvosto p\u00e4\u00e4ttikin l\u00e4hett\u00e4\u00e4 asiasta kannanoton sosiaali- ja terveyslautakunnalle. Kannanottoa k\u00e4sitell\u00e4\u00e4n sosiaali- ja terveyslautakunan elokuun kokouksessa.<br \/>\nVammaisneuvostolla ei ole itsen\u00e4ist\u00e4 p\u00e4\u00e4t\u00f6svaltaa, se voi vain ottaa kantaa, suositella ja ehdottaa asioita kaupungin p\u00e4\u00e4t\u00f6ksentekoelimille.<br \/>\n<div id=\"attachment_1423\" style=\"width: 266px\" class=\"wp-caption aligncenter\"><a href=\"\/wp-content\/uploads\/sites\/31\/2013\/07\/vammaisten-kuntoutus.jpeg\"><img loading=\"lazy\" decoding=\"async\" aria-describedby=\"caption-attachment-1423\" src=\"\/wp-content\/uploads\/sites\/31\/2013\/07\/vammaisten-kuntoutus.jpeg\" alt=\"\" title=\"vammaisten kuntoutus\" width=\"256\" height=\"148\" class=\"size-full wp-image-1423\" \/><\/a><p id=\"caption-attachment-1423\" class=\"wp-caption-text\">Vammaisten kuntoutus on l\u00e4\u00e4ketieteellisesti arvioitua, ja vammaiselle tosi t\u00e4rke\u00e4\u00e4 toimintakyvyn yll\u00e4pit\u00e4miseksi. Voiko siit\u00e4 v\u00e4hent\u00e4\u00e4 puolet hallinnollislla p\u00e4\u00e4t\u00f6ksell\u00e4? Mit\u00e4 sanoo kuntoutuksen m\u00e4\u00e4r\u00e4nnyt l\u00e4\u00e4k\u00e4ri?<\/p><\/div>\n<p><strong>Vammaisneuvoston ehdotuksiin suhtauduttu vakavasti.<\/strong><br \/>\nVantaan toimielimet ovat suhtautuneet vakavasti vammaisneuvoston tekemiin ehdotuksiin. Niinp\u00e4 nytkin odotetaan, ett\u00e4 sosiaali- ja terveyslautakunta peruisi vammaisten kuntousten v\u00e4hennykset. Kuntousten v\u00e4hent\u00e4minen aikaansaa inhimillisi\u00e4 k\u00e4rsimyksi\u00e4 ja on lyhytn\u00e4k\u00f6ist\u00e4 s\u00e4\u00e4st\u00e4mist\u00e4 joka l\u00f6ytyy edest\u00e4 entist\u00e4 suurempina kustannuksina.<\/p>\n<p><strong>Ohessa vammaisneuvoston kannanotto:<\/strong><\/p>\n<p>Vantaan kaupunki<br \/>\nSosiaali- ja terveyslautakunta<\/p>\n<p>Vammaisneuvoston kannanotto Vantaan kaupungin kuntoutustoiminnan s\u00e4\u00e4st\u00f6ihin <\/p>\n<p>Kuntoutuksen tulosyksik\u00f6n tarkoituksena on edist\u00e4\u00e4 ja yll\u00e4pit\u00e4\u00e4 vantaalaisten toimintakyky\u00e4. Teht\u00e4vist\u00e4 todetaan, ett\u00e4 j\u00e4rjestet\u00e4\u00e4n suunnitellusti arviointi, ohjaus, neuvonta, terapia- ja apuv\u00e4linepalveluja.<\/p>\n<p>Vantaan kaupungin talous- ja velkaohjelman (TVO) vaikutukset kuntoutustoimintaan on todettu n\u00e4kyv\u00e4n seuraavasti: ostopalvelujen rajoittaminen -> terapiatoimintojen uudelleen arviointi -> terapiatoimintojen siirt\u00e4minen omaksi toiminnaksi. Ostopalveluiden m\u00e4\u00e4r\u00e4rahojen leikkauksen aiheuttamat seuraukset arvioidaan ja etsit\u00e4\u00e4n vaihtoehtoisia ratkaisuja.<\/p>\n<p>Vammaisneuvosto ei voi hyv\u00e4ksy\u00e4 sit\u00e4, ett\u00e4 ostopalvelut on puolitettu aikaisemmasta. On useita henkil\u00f6it\u00e4, jotka ovat saanet viel\u00e4 kev\u00e4tkaudella yksil\u00f6llist\u00e4 fysioterapiaa, mutta syyskaudeksi heid\u00e4t on ohjattu ryhm\u00e4toimintaan. Vaikeavammaisten ja pitk\u00e4aikaissairaiden yksil\u00f6llist\u00e4 fysioterapiaa ei voida korvata ryhm\u00e4toiminnalla niin, ett\u00e4 se ei vaikuttaisi vammaisen henkil\u00f6n kuntoutumiseen. On tiedossa my\u00f6s henkil\u00f6it\u00e4, joilla fysioterapiakerrat ovat v\u00e4hentyneet yli puolella, esim. p\u00e4\u00e4t\u00f6s on ollut aiemmin 40 kertaa vuodessa mutta vuonna 2013 my\u00f6nnetty vain 10 kertaa. <\/p>\n<p>Fysioterapia on osa vaikeavammaisen henkil\u00f6n kuntoutusta. Sill\u00e4 pyrit\u00e4\u00e4n vaikuttamaan h\u00e4nen mahdollisuuksiinsa pysy\u00e4 mahdollisimman toimintakykyisen\u00e4 sairaudestaan tai vammastaan huolimatta. Oikeanlaisella fysioterapialla on my\u00f6nteinen vaikutus fyysiseen toimintakykyyn ja kotona selviytymiseen. <\/p>\n<p>TVO:n aiheuttamat s\u00e4\u00e4st\u00f6t kuntoutustoiminnassa ovat lyhytn\u00e4k\u00f6isi\u00e4 ja vaikuttavat useiden ihmisten tilanteen huonontumiseen. S\u00e4\u00e4st\u00f6ist\u00e4 johtuen katkeaa vaikeavammaisen henkil\u00f6n s\u00e4\u00e4nn\u00f6llinen kuntoutus. Kuntoutuksen tarve ei ole v\u00e4hentynyt suhteessa kuntoutuksen tarjontaan.<\/p>\n<p>S\u00e4\u00e4st\u00f6toimilla my\u00f6s kyseenalaistetaan terveydenhuollon ammattilaisten asiantuntemus. Asiantuntijat ovat arvioineet yhdess\u00e4 vammaisen henkil\u00f6n kanssa h\u00e4nen tarvitsemansa kuntoutuksen. <\/p>\n<p>VANTAAN VAMMAISNEUVOSTO<\/p>\n<p>Riitta Saimanen<br \/>\nsihteeri,<br \/>\nvammaisasiain koordinaattori<\/p>\n<div id=\"attachment_1425\" style=\"width: 365px\" class=\"wp-caption aligncenter\"><a href=\"\/wp-content\/uploads\/sites\/31\/2013\/07\/vammaisten-kuntoutus-2.jpeg\"><img loading=\"lazy\" decoding=\"async\" aria-describedby=\"caption-attachment-1425\" src=\"\/wp-content\/uploads\/sites\/31\/2013\/07\/vammaisten-kuntoutus-2.jpeg\" alt=\"\" title=\"vammaisten kuntoutus 2\" width=\"355\" height=\"142\" class=\"size-full wp-image-1425\" \/><\/a><p id=\"caption-attachment-1425\" class=\"wp-caption-text\">Vammaisten kuntoutus tarvitsee usein erikoislaitteita ja ammattitaitoisen ohjaajan. Fysioterapeuttia ei ole korvattavissa vammaisen avustajalla, kuten vantaan kaupungin Talous- ja velkaohjelman tekij\u00e4t olettavat.<\/p><\/div>\n","protected":false},"excerpt":{"rendered":"<p>Vammaisten henkil\u00f6iden kuntouksia leikattu jopa yli puolella. TVO Vantaan talous -ja velkaohjelma uhkaa romuttaa vammaisten henkil\u00f6iden kuntoutuksen. Vammaisten henkil\u00f6iden toimintakyvyn s\u00e4ilymiseen on kuntoutuksella keskeinen vaikutus. Vammaisneuvosto k\u00e4sitteli kuntoutusasiaa kokouksessaan jossa todettiin monen vammaisen henkil\u00f6n tilanteen muuttuneen huonompaan suuntaan kuntoutuksen v\u00e4henmisen seurauksena. Vammaisneuvosto p\u00e4\u00e4ttikin l\u00e4hett\u00e4\u00e4 asiasta kannanoton sosiaali- ja terveyslautakunnalle. Kannanottoa k\u00e4sitell\u00e4\u00e4n sosiaali- ja terveyslautakunan elokuun&hellip;<\/p>\n<p class=\"more-link-p\"><a class=\"more-link\" href=\"https:\/\/www.asukkaidenvantaa.fi\/?p=1419\">Lue lis\u00e4\u00e4 \u2192<\/a><\/p>\n","protected":false},"author":5003,"featured_media":0,"comment_status":"open","ping_status":"open","sticky":false,"template":"","format":"standard","meta":{"footnotes":""},"categories":[3],"tags":[200,61,97,108,199],"class_list":["post-1419","post","type-post","status-publish","format-standard","hentry","category-tausta","tag-kuntoutus","tag-leikkaus","tag-leikkausohjelma","tag-saasto","tag-vammaisneuvosto"],"_links":{"self":[{"href":"https:\/\/www.asukkaidenvantaa.fi\/index.php?rest_route=\/wp\/v2\/posts\/1419","targetHints":{"allow":["GET"]}}],"collection":[{"href":"https:\/\/www.asukkaidenvantaa.fi\/index.php?rest_route=\/wp\/v2\/posts"}],"about":[{"href":"https:\/\/www.asukkaidenvantaa.fi\/index.php?rest_route=\/wp\/v2\/types\/post"}],"author":[{"embeddable":true,"href":"https:\/\/www.asukkaidenvantaa.fi\/index.php?rest_route=\/wp\/v2\/users\/5003"}],"replies":[{"embeddable":true,"href":"https:\/\/www.asukkaidenvantaa.fi\/index.php?rest_route=%2Fwp%2Fv2%2Fcomments&post=1419"}],"version-history":[{"count":6,"href":"https:\/\/www.asukkaidenvantaa.fi\/index.php?rest_route=\/wp\/v2\/posts\/1419\/revisions"}],"predecessor-version":[{"id":1434,"href":"https:\/\/www.asukkaidenvantaa.fi\/index.php?rest_route=\/wp\/v2\/posts\/1419\/revisions\/1434"}],"wp:attachment":[{"href":"https:\/\/www.asukkaidenvantaa.fi\/index.php?rest_route=%2Fwp%2Fv2%2Fmedia&parent=1419"}],"wp:term":[{"taxonomy":"category","embeddable":true,"href":"https:\/\/www.asukkaidenvantaa.fi\/index.php?rest_route=%2Fwp%2Fv2%2Fcategories&post=1419"},{"taxonomy":"post_tag","embeddable":true,"href":"https:\/\/www.asukkaidenvantaa.fi\/index.php?rest_route=%2Fwp%2Fv2%2Ftags&post=1419"}],"curies":[{"name":"wp","href":"https:\/\/api.w.org\/{rel}","templated":true}]}}