{"id":1396,"date":"2013-06-13T06:23:44","date_gmt":"2013-06-13T06:23:44","guid":{"rendered":"http:\/\/www.asukkaidenvantaa.fi\/?p=1396"},"modified":"2013-06-13T06:23:44","modified_gmt":"2013-06-13T06:23:44","slug":"koivukylaan-uusi-kirjasto-mikkolassa-kirjaston-lopetus","status":"publish","type":"post","link":"https:\/\/www.asukkaidenvantaa.fi\/?p=1396","title":{"rendered":"Koivukyl\u00e4\u00e4n uusi kirjasto, Mikkolassa kirjaston lopetus"},"content":{"rendered":"<p><strong>Kuntalaisten tasaveroinen kohtelu kyseenalaista<\/strong><br \/>\nKoivukyl\u00e4\u00e4n suunnitellaan uutta kirjastoa vuoteen 2016 menness\u00e4. Uudelle kirjastolle ollaan varaamassa tiloja uudesta suuresta kauppakeskus- ja toimistohankkeesta. Koivukyl\u00e4n nykyinen kirjasto on toiminut 30 vuotta Koivukyl\u00e4n ostoskeskuksessa. Varmasti uudistamisen tarvetta on. Hanke on siis koivukyl\u00e4l\u00e4isille iloinen asia.<br \/>\n<div id=\"attachment_1397\" style=\"width: 269px\" class=\"wp-caption aligncenter\"><a href=\"\/wp-content\/uploads\/sites\/31\/2013\/06\/kirjasto.jpeg\"><img loading=\"lazy\" decoding=\"async\" aria-describedby=\"caption-attachment-1397\" src=\"\/wp-content\/uploads\/sites\/31\/2013\/06\/kirjasto.jpeg\" alt=\"\" title=\"kirjasto\" width=\"259\" height=\"194\" class=\"size-full wp-image-1397\" \/><\/a><p id=\"caption-attachment-1397\" class=\"wp-caption-text\">Koivykyl\u00e4\u00e4n uusi kirjasto vuonna 2016. Kirjastoa suunnitellaan uuteen kauppa- ja toimistokeskukseen, joka noussee nykyisen kirjaston naapuriin.<\/p><\/div>\n<p>Samaan aikaan ollaan mikkolalaisilta lopettamassa alueen kirjastoa Vantaan talous- ja velkaohjelman TVO seurauksena. N\u00e4iden kahden hankkeen yhteydess\u00e4 joutuu miettim\u00e4\u00e4n kuntalaisten tasa-arvoista kohtelua. On hyv\u00e4, ett\u00e4 Vantaallakin on eri tyyppisi\u00e4 asuntoalueita. Ovatko kaikki kuntalaiset oikeutetut samantapaisiin l\u00e4hipalveluihin? Kaikkihan maksavat veronsa samalla tavalla.<\/p>\n","protected":false},"excerpt":{"rendered":"<p>Kuntalaisten tasaveroinen kohtelu kyseenalaista Koivukyl\u00e4\u00e4n suunnitellaan uutta kirjastoa vuoteen 2016 menness\u00e4. Uudelle kirjastolle ollaan varaamassa tiloja uudesta suuresta kauppakeskus- ja toimistohankkeesta. Koivukyl\u00e4n nykyinen kirjasto on toiminut 30 vuotta Koivukyl\u00e4n ostoskeskuksessa. Varmasti uudistamisen tarvetta on. Hanke on siis koivukyl\u00e4l\u00e4isille iloinen asia. Samaan aikaan ollaan mikkolalaisilta lopettamassa alueen kirjastoa Vantaan talous- ja velkaohjelman TVO seurauksena. N\u00e4iden kahden&hellip;<\/p>\n<p class=\"more-link-p\"><a class=\"more-link\" href=\"https:\/\/www.asukkaidenvantaa.fi\/?p=1396\">Lue lis\u00e4\u00e4 \u2192<\/a><\/p>\n","protected":false},"author":5003,"featured_media":0,"comment_status":"open","ping_status":"open","sticky":false,"template":"","format":"standard","meta":{"footnotes":""},"categories":[3],"tags":[103,196,197],"class_list":["post-1396","post","type-post","status-publish","format-standard","hentry","category-tausta","tag-kirjasto","tag-lahipalvelu","tag-ostoskeskus"],"_links":{"self":[{"href":"https:\/\/www.asukkaidenvantaa.fi\/index.php?rest_route=\/wp\/v2\/posts\/1396","targetHints":{"allow":["GET"]}}],"collection":[{"href":"https:\/\/www.asukkaidenvantaa.fi\/index.php?rest_route=\/wp\/v2\/posts"}],"about":[{"href":"https:\/\/www.asukkaidenvantaa.fi\/index.php?rest_route=\/wp\/v2\/types\/post"}],"author":[{"embeddable":true,"href":"https:\/\/www.asukkaidenvantaa.fi\/index.php?rest_route=\/wp\/v2\/users\/5003"}],"replies":[{"embeddable":true,"href":"https:\/\/www.asukkaidenvantaa.fi\/index.php?rest_route=%2Fwp%2Fv2%2Fcomments&post=1396"}],"version-history":[{"count":2,"href":"https:\/\/www.asukkaidenvantaa.fi\/index.php?rest_route=\/wp\/v2\/posts\/1396\/revisions"}],"predecessor-version":[{"id":1400,"href":"https:\/\/www.asukkaidenvantaa.fi\/index.php?rest_route=\/wp\/v2\/posts\/1396\/revisions\/1400"}],"wp:attachment":[{"href":"https:\/\/www.asukkaidenvantaa.fi\/index.php?rest_route=%2Fwp%2Fv2%2Fmedia&parent=1396"}],"wp:term":[{"taxonomy":"category","embeddable":true,"href":"https:\/\/www.asukkaidenvantaa.fi\/index.php?rest_route=%2Fwp%2Fv2%2Fcategories&post=1396"},{"taxonomy":"post_tag","embeddable":true,"href":"https:\/\/www.asukkaidenvantaa.fi\/index.php?rest_route=%2Fwp%2Fv2%2Ftags&post=1396"}],"curies":[{"name":"wp","href":"https:\/\/api.w.org\/{rel}","templated":true}]}}