{"id":1389,"date":"2013-06-12T18:34:26","date_gmt":"2013-06-12T18:34:26","guid":{"rendered":"http:\/\/www.asukkaidenvantaa.fi\/?p=1389"},"modified":"2013-06-12T18:34:26","modified_gmt":"2013-06-12T18:34:26","slug":"johtaako-yrttiahon-vantaan-vierailu-potkuihin","status":"publish","type":"post","link":"https:\/\/www.asukkaidenvantaa.fi\/?p=1389","title":{"rendered":"Johtaako Yrttiahon Vantaan vierailu potkuihin?"},"content":{"rendered":"<p><strong>Vasemmistoliiton puoluehallitus vaatii kansanedustaja Jouko Yrttiahon erottamista.<\/strong><\/p>\n<p>Lauantaina Vantaalla SKP:n puoluekokouksessa vieraillut kansanedustaja Jyrki Yrttiaho suututti Vasemmistoliiton johdon. Vasemmistoliiton puoluehallitus ohjeisti Yrttiahon perusosastoa Raision vasemmistoa erottamaan Yrttiahon Vasemmistoliitosta.<br \/>\nVasemmistoliiton puoluekokous kokoontui samanaikaisesti Tampereella,SKP:n kokoontuessa Vantaalla.<br \/>\nSunnuntaina Yrttiaho osallistui Vasemmistoliiton kokoukseen.<br \/>\n<a href=\"\/wp-content\/uploads\/sites\/31\/2013\/06\/Yrttiaho.jpeg\"><img loading=\"lazy\" decoding=\"async\" src=\"\/wp-content\/uploads\/sites\/31\/2013\/06\/Yrttiaho.jpeg\" alt=\"\" title=\"Yrttiaho\" width=\"192\" height=\"211\" class=\"aligncenter size-full wp-image-1390\" \/><\/a><\/p>\n<p>Vieraillessaan SKP:n kokouksessa Yrttiaho piti kokouksessa hyv\u00e4ksytt\u00e4vi\u00e4 asiakirjoja ajankohtaisina ja hyvin\u00e4. Vasemmistoliiton hallituspolitiikka sai Yrttiaholta voimakasta arvostelua.<\/p>\n<p>Vasemmistoliiton uusi puoluesihteeri Marko Varaj\u00e4rvi syytti Yrttiahoa puolueen vastaisesta toiminnasta, Yrttiahon arvosteltua Vasemmistoliiton toimintaa kokoomusjohtoisen hallituspolitiikan harjoittamisesta. Erottamistoimet kertovat paineista Vasemmistoliitossa, oikeistolaisen hallituksen poliitiikan puolustelu k\u00e4y kaiken aikaa vaikeammaksi.<\/p>\n<p>Kansanedustaja Jouko Yrttiaho ja kansanedustaja Markus Mustaj\u00e4rvi erotettiin Vasemmistoliiton eduskuntaryhm\u00e4st\u00e4 heid\u00e4n vastustaesaan Vasemmistoliiton osallistumista kokoomuksen johtamaan hallitukseen.<br \/>\nErottamisen j\u00e4lkeen Yrttiaho ja Mustaj\u00e4rvi perustivat Vasenryhm\u00e4 nimisen eduskuntaryhm\u00e4n. molemmat ovat olleet kuitenkin Vasemmistoliiton j\u00e4seni\u00e4.<\/p>\n","protected":false},"excerpt":{"rendered":"<p>Vasemmistoliiton puoluehallitus vaatii kansanedustaja Jouko Yrttiahon erottamista. Lauantaina Vantaalla SKP:n puoluekokouksessa vieraillut kansanedustaja Jyrki Yrttiaho suututti Vasemmistoliiton johdon. Vasemmistoliiton puoluehallitus ohjeisti Yrttiahon perusosastoa Raision vasemmistoa erottamaan Yrttiahon Vasemmistoliitosta. Vasemmistoliiton puoluekokous kokoontui samanaikaisesti Tampereella,SKP:n kokoontuessa Vantaalla. Sunnuntaina Yrttiaho osallistui Vasemmistoliiton kokoukseen. Vieraillessaan SKP:n kokouksessa Yrttiaho piti kokouksessa hyv\u00e4ksytt\u00e4vi\u00e4 asiakirjoja ajankohtaisina ja hyvin\u00e4. Vasemmistoliiton hallituspolitiikka sai Yrttiaholta&hellip;<\/p>\n<p class=\"more-link-p\"><a class=\"more-link\" href=\"https:\/\/www.asukkaidenvantaa.fi\/?p=1389\">Lue lis\u00e4\u00e4 \u2192<\/a><\/p>\n","protected":false},"author":5003,"featured_media":0,"comment_status":"open","ping_status":"open","sticky":false,"template":"","format":"standard","meta":{"footnotes":""},"categories":[1],"tags":[],"class_list":["post-1389","post","type-post","status-publish","format-standard","hentry","category-uncategorized"],"_links":{"self":[{"href":"https:\/\/www.asukkaidenvantaa.fi\/index.php?rest_route=\/wp\/v2\/posts\/1389","targetHints":{"allow":["GET"]}}],"collection":[{"href":"https:\/\/www.asukkaidenvantaa.fi\/index.php?rest_route=\/wp\/v2\/posts"}],"about":[{"href":"https:\/\/www.asukkaidenvantaa.fi\/index.php?rest_route=\/wp\/v2\/types\/post"}],"author":[{"embeddable":true,"href":"https:\/\/www.asukkaidenvantaa.fi\/index.php?rest_route=\/wp\/v2\/users\/5003"}],"replies":[{"embeddable":true,"href":"https:\/\/www.asukkaidenvantaa.fi\/index.php?rest_route=%2Fwp%2Fv2%2Fcomments&post=1389"}],"version-history":[{"count":5,"href":"https:\/\/www.asukkaidenvantaa.fi\/index.php?rest_route=\/wp\/v2\/posts\/1389\/revisions"}],"predecessor-version":[{"id":1395,"href":"https:\/\/www.asukkaidenvantaa.fi\/index.php?rest_route=\/wp\/v2\/posts\/1389\/revisions\/1395"}],"wp:attachment":[{"href":"https:\/\/www.asukkaidenvantaa.fi\/index.php?rest_route=%2Fwp%2Fv2%2Fmedia&parent=1389"}],"wp:term":[{"taxonomy":"category","embeddable":true,"href":"https:\/\/www.asukkaidenvantaa.fi\/index.php?rest_route=%2Fwp%2Fv2%2Fcategories&post=1389"},{"taxonomy":"post_tag","embeddable":true,"href":"https:\/\/www.asukkaidenvantaa.fi\/index.php?rest_route=%2Fwp%2Fv2%2Ftags&post=1389"}],"curies":[{"name":"wp","href":"https:\/\/api.w.org\/{rel}","templated":true}]}}