{"id":1383,"date":"2013-06-12T17:45:12","date_gmt":"2013-06-12T17:45:12","guid":{"rendered":"http:\/\/www.asukkaidenvantaa.fi\/?p=1383"},"modified":"2013-06-12T17:45:12","modified_gmt":"2013-06-12T17:45:12","slug":"uusi-ostosparatiisi-koivukylaan","status":"publish","type":"post","link":"https:\/\/www.asukkaidenvantaa.fi\/?p=1383","title":{"rendered":"Uusi ostosparatiisi Koivukyl\u00e4\u00e4n"},"content":{"rendered":"<p>Kaupunkisuunnittelulautakunta hyv\u00e4ksyi asemakaavamuutoksen joka mahdollistaa suuren kauppa- ja toimistokeskuksen rakentamisen Koivukyl\u00e4\u00e4n. Uusi ostostaivas rakennetaan nykyisen ostoskeskuksen ja aseman v\u00e4liselle alueelle. K\u00e4sityksen uuden rakennushankkeen koosta saa vertailemalla kaavailua nykyisen ostoskeskuksen kokoon. Nykyisen, jo 30-vuotiaan, ostoskeskuksen laajuus on 3 500 kerrosneli\u00f6metri\u00e4, uuden hankkeen 26 000 kerrosneli\u00f6metri\u00e4 ja lis\u00e4ksi 3 200 kerrosneli\u00f6t\u00e4 asuntoja eli noin 50 asuntoa.<br \/>\nYksi nykyinen asuintalo menee purkuun uutuuden alta.<br \/>\n<div id=\"attachment_1384\" style=\"width: 281px\" class=\"wp-caption aligncenter\"><a href=\"\/wp-content\/uploads\/sites\/31\/2013\/06\/kauppakeskus-2.jpeg\"><img loading=\"lazy\" decoding=\"async\" aria-describedby=\"caption-attachment-1384\" src=\"\/wp-content\/uploads\/sites\/31\/2013\/06\/kauppakeskus-2.jpeg\" alt=\"\" title=\"kauppakeskus 2\" width=\"271\" height=\"186\" class=\"size-full wp-image-1384\" \/><\/a><p id=\"caption-attachment-1384\" class=\"wp-caption-text\">Uusi ostostaivas Koivukyl\u00e4\u00e4n. Valtava ostos- ja toimistokeskus Koivykyl\u00e4n aseman kupeeseen. Rakentamaan halutaan jo ensi vuonna.<\/p><\/div>\n<p>Uuteen kauppakeskukseen on suunniteltu hypermarket, erikoisliikkeit\u00e4 ja toimistoja. Uuteen rakennusmassaan on suunnitteilla my\u00f6s Koivukyl\u00e4n kirjastolle uudet tilat. Hankkeessa kaupunki myy nykyisen kirjaston tilat ja vuokraa uudet kauppakeskussijoittajalta.<\/p>\n<p>Apulaiskaupunginjohtaja Juha-Veikko Nikulaisen (kok) mukaan hanke parantaa Koivukyl\u00e4n viihtyisyytt\u00e4 ja elinvoimaisuutta merkitt\u00e4v\u00e4sti. Vantaan apulaiskaupunginjohtajaksi Juha-Veikko Nikulainen tuli rakennuskiike SRV:n asuntorakentamisen johtajan paikalta. Nikulainen oli Vantaan valtuuston j\u00e4sen 1980-1990 luvuilla ja mm. p\u00e4\u00e4tt\u00e4m\u00e4ss\u00e4 Keh\u00e4radan suunnittelemisesta. Keh\u00e4rata on merkitt\u00e4vin yksitt\u00e4inen hanke Vantaan velkaantumisessa.<\/p>\n<p>Hankkeen toteuttamisesta on solmittu esisopimus TK-Development kiinteisteist\u00f6jalostajan kanssa joka on tanskalaisen TKD-Developmentsin suomalainen tyt\u00e4ryhti\u00f6. Tanskalaisella emolla on toimintaa eri puolilla Eurooppaa.<br \/>\nSuomen haara on rakentanut useita Retail Park ostoskeskuksia, joista jo pari sijaitsee Vantaalla, Vantaanportissa ja Tammistossa.<\/p>\n","protected":false},"excerpt":{"rendered":"<p>Kaupunkisuunnittelulautakunta hyv\u00e4ksyi asemakaavamuutoksen joka mahdollistaa suuren kauppa- ja toimistokeskuksen rakentamisen Koivukyl\u00e4\u00e4n. Uusi ostostaivas rakennetaan nykyisen ostoskeskuksen ja aseman v\u00e4liselle alueelle. K\u00e4sityksen uuden rakennushankkeen koosta saa vertailemalla kaavailua nykyisen ostoskeskuksen kokoon. Nykyisen, jo 30-vuotiaan, ostoskeskuksen laajuus on 3 500 kerrosneli\u00f6metri\u00e4, uuden hankkeen 26 000 kerrosneli\u00f6metri\u00e4 ja lis\u00e4ksi 3 200 kerrosneli\u00f6t\u00e4 asuntoja eli noin 50 asuntoa. Yksi&hellip;<\/p>\n<p class=\"more-link-p\"><a class=\"more-link\" href=\"https:\/\/www.asukkaidenvantaa.fi\/?p=1383\">Lue lis\u00e4\u00e4 \u2192<\/a><\/p>\n","protected":false},"author":5003,"featured_media":0,"comment_status":"open","ping_status":"open","sticky":false,"template":"","format":"standard","meta":{"footnotes":""},"categories":[1],"tags":[],"class_list":["post-1383","post","type-post","status-publish","format-standard","hentry","category-uncategorized"],"_links":{"self":[{"href":"https:\/\/www.asukkaidenvantaa.fi\/index.php?rest_route=\/wp\/v2\/posts\/1383","targetHints":{"allow":["GET"]}}],"collection":[{"href":"https:\/\/www.asukkaidenvantaa.fi\/index.php?rest_route=\/wp\/v2\/posts"}],"about":[{"href":"https:\/\/www.asukkaidenvantaa.fi\/index.php?rest_route=\/wp\/v2\/types\/post"}],"author":[{"embeddable":true,"href":"https:\/\/www.asukkaidenvantaa.fi\/index.php?rest_route=\/wp\/v2\/users\/5003"}],"replies":[{"embeddable":true,"href":"https:\/\/www.asukkaidenvantaa.fi\/index.php?rest_route=%2Fwp%2Fv2%2Fcomments&post=1383"}],"version-history":[{"count":4,"href":"https:\/\/www.asukkaidenvantaa.fi\/index.php?rest_route=\/wp\/v2\/posts\/1383\/revisions"}],"predecessor-version":[{"id":1388,"href":"https:\/\/www.asukkaidenvantaa.fi\/index.php?rest_route=\/wp\/v2\/posts\/1383\/revisions\/1388"}],"wp:attachment":[{"href":"https:\/\/www.asukkaidenvantaa.fi\/index.php?rest_route=%2Fwp%2Fv2%2Fmedia&parent=1383"}],"wp:term":[{"taxonomy":"category","embeddable":true,"href":"https:\/\/www.asukkaidenvantaa.fi\/index.php?rest_route=%2Fwp%2Fv2%2Fcategories&post=1383"},{"taxonomy":"post_tag","embeddable":true,"href":"https:\/\/www.asukkaidenvantaa.fi\/index.php?rest_route=%2Fwp%2Fv2%2Ftags&post=1383"}],"curies":[{"name":"wp","href":"https:\/\/api.w.org\/{rel}","templated":true}]}}