{"id":1364,"date":"2013-06-09T16:46:04","date_gmt":"2013-06-09T16:46:04","guid":{"rendered":"http:\/\/www.asukkaidenvantaa.fi\/?p=1364"},"modified":"2013-06-09T16:46:04","modified_gmt":"2013-06-09T16:46:04","slug":"skpn-kokous-vantaalla-paattyi-uusi-sukupolvi-johtoon","status":"publish","type":"post","link":"https:\/\/www.asukkaidenvantaa.fi\/?p=1364","title":{"rendered":"SKP:n kokous Vantaalla p\u00e4\u00e4ttyi, uusi sukupolvi johtoon"},"content":{"rendered":"<p>                                       <div id=\"attachment_1365\" style=\"width: 138px\" class=\"wp-caption alignright\"><a href=\"\/wp-content\/uploads\/sites\/31\/2013\/06\/J-P-Vaisanen.jpeg\"><img loading=\"lazy\" decoding=\"async\" aria-describedby=\"caption-attachment-1365\" src=\"\/wp-content\/uploads\/sites\/31\/2013\/06\/J-P-Vaisanen-128x150.jpg\" alt=\"\" title=\"J-P Vaisanen\" width=\"128\" height=\"150\" class=\"size-thumbnail wp-image-1365\" \/><\/a><p id=\"caption-attachment-1365\" class=\"wp-caption-text\">SKP:n uusi puheenjohtaja Juha-Pekka V\u00e4is\u00e4nen<\/p><\/div>\n<strong>Vantaalla t\u00e4n\u00e4\u00e4n p\u00e4\u00e4ttynyt<br \/>\nSKP:n edustajakokous valitsi uudeksi<br \/>\npuheenjohtajaksi p\u00e4\u00e4sihteerins\u00e4,<br \/>\nk\u00e4sitetaiteilija Juha-Pekka V\u00e4is\u00e4sen<\/strong><\/p>\n<p>Puolueen keskuskomitea, joka k\u00e4ytt\u00e4\u00e4 ylint\u00e4 valtaa edustajakokousten v\u00e4lill\u00e4, nuorentui, keski-ik\u00e4 on 48 vuotta. Alle 30 vuotiaita on kymmenen.<\/p>\n<p><strong>Vantaalaisista keskuskomiteaan valittiin intendentti Larry Huld\u00e9n ja varaj\u00e4seneksi insin\u00f6\u00f6ri Juha Kovanen.<\/strong><\/p>\n<p>Kokoukseen osallistui runsaasti veljespuolueiden edustajia. Kaukaisimmat Etel\u00e4-Afrikasta ja Kuubasta. Useita eurooppalaisten puolueiden edustajia mm. Ven\u00e4j\u00e4n sek\u00e4 Euroopan vasemmiston edustaja.<br \/>\n<div id=\"attachment_1370\" style=\"width: 610px\" class=\"wp-caption alignright\"><a href=\"\/wp-content\/uploads\/sites\/31\/2013\/06\/SKP-edustajakokous-9.6.-Etel\u00e4-Afrikka.jpg\"><img loading=\"lazy\" decoding=\"async\" aria-describedby=\"caption-attachment-1370\" src=\"\/wp-content\/uploads\/sites\/31\/2013\/06\/SKP-edustajakokous-9.6.-Etel\u00e4-Afrikka-768x1024.jpg\" alt=\"\" title=\"SKP edustajakokous 9.6. Etel\u00e4-Afrikka\" width=\"600\" height=\"800\" class=\"size-large wp-image-1370\" \/><\/a><p id=\"caption-attachment-1370\" class=\"wp-caption-text\">SKP:n edustajakokoukseen osallistui runsaasti veljespuolueiden edustajia. Kuvassa kauimpaa tulleen Etel\u00e4-Afrikan kommunistien edustaja esitt\u00e4m\u00e4ss\u00e4 tervehdyst\u00e4 kokoukselle.<\/p><\/div>\n","protected":false},"excerpt":{"rendered":"<p>Vantaalla t\u00e4n\u00e4\u00e4n p\u00e4\u00e4ttynyt SKP:n edustajakokous valitsi uudeksi puheenjohtajaksi p\u00e4\u00e4sihteerins\u00e4, k\u00e4sitetaiteilija Juha-Pekka V\u00e4is\u00e4sen Puolueen keskuskomitea, joka k\u00e4ytt\u00e4\u00e4 ylint\u00e4 valtaa edustajakokousten v\u00e4lill\u00e4, nuorentui, keski-ik\u00e4 on 48 vuotta. Alle 30 vuotiaita on kymmenen. Vantaalaisista keskuskomiteaan valittiin intendentti Larry Huld\u00e9n ja varaj\u00e4seneksi insin\u00f6\u00f6ri Juha Kovanen. Kokoukseen osallistui runsaasti veljespuolueiden edustajia. Kaukaisimmat Etel\u00e4-Afrikasta ja Kuubasta. Useita eurooppalaisten puolueiden edustajia mm.&hellip;<\/p>\n<p class=\"more-link-p\"><a class=\"more-link\" href=\"https:\/\/www.asukkaidenvantaa.fi\/?p=1364\">Lue lis\u00e4\u00e4 \u2192<\/a><\/p>\n","protected":false},"author":5003,"featured_media":1371,"comment_status":"open","ping_status":"open","sticky":false,"template":"","format":"standard","meta":{"footnotes":""},"categories":[1],"tags":[],"class_list":["post-1364","post","type-post","status-publish","format-standard","has-post-thumbnail","hentry","category-uncategorized"],"_links":{"self":[{"href":"https:\/\/www.asukkaidenvantaa.fi\/index.php?rest_route=\/wp\/v2\/posts\/1364","targetHints":{"allow":["GET"]}}],"collection":[{"href":"https:\/\/www.asukkaidenvantaa.fi\/index.php?rest_route=\/wp\/v2\/posts"}],"about":[{"href":"https:\/\/www.asukkaidenvantaa.fi\/index.php?rest_route=\/wp\/v2\/types\/post"}],"author":[{"embeddable":true,"href":"https:\/\/www.asukkaidenvantaa.fi\/index.php?rest_route=\/wp\/v2\/users\/5003"}],"replies":[{"embeddable":true,"href":"https:\/\/www.asukkaidenvantaa.fi\/index.php?rest_route=%2Fwp%2Fv2%2Fcomments&post=1364"}],"version-history":[{"count":7,"href":"https:\/\/www.asukkaidenvantaa.fi\/index.php?rest_route=\/wp\/v2\/posts\/1364\/revisions"}],"predecessor-version":[{"id":1374,"href":"https:\/\/www.asukkaidenvantaa.fi\/index.php?rest_route=\/wp\/v2\/posts\/1364\/revisions\/1374"}],"wp:featuredmedia":[{"embeddable":true,"href":"https:\/\/www.asukkaidenvantaa.fi\/index.php?rest_route=\/wp\/v2\/media\/1371"}],"wp:attachment":[{"href":"https:\/\/www.asukkaidenvantaa.fi\/index.php?rest_route=%2Fwp%2Fv2%2Fmedia&parent=1364"}],"wp:term":[{"taxonomy":"category","embeddable":true,"href":"https:\/\/www.asukkaidenvantaa.fi\/index.php?rest_route=%2Fwp%2Fv2%2Fcategories&post=1364"},{"taxonomy":"post_tag","embeddable":true,"href":"https:\/\/www.asukkaidenvantaa.fi\/index.php?rest_route=%2Fwp%2Fv2%2Ftags&post=1364"}],"curies":[{"name":"wp","href":"https:\/\/api.w.org\/{rel}","templated":true}]}}