{"id":1357,"date":"2013-06-09T05:03:05","date_gmt":"2013-06-09T05:03:05","guid":{"rendered":"http:\/\/www.asukkaidenvantaa.fi\/?p=1357"},"modified":"2013-06-09T05:10:08","modified_gmt":"2013-06-09T05:10:08","slug":"kommunistit-koolla-vantaalla","status":"publish","type":"post","link":"https:\/\/www.asukkaidenvantaa.fi\/?p=1357","title":{"rendered":"Kommunistit koolla Vantaalla"},"content":{"rendered":"<p><strong>SKP:n edustajakokous kokoontuu Vantaalla, Tikkurilan lukiossa 8.6.-9.6..<\/strong> Kommunistit hiovat kaksi p\u00e4iv\u00e4\u00e4 asiakirjoja ja sunnuntaina valitsevat puolueelle uuden johdon.<br \/>\nPitk\u00e4aikainen puheenjohtaja Yrj\u00f6 Hakanen on ilmoittanut, ett\u00e4 ei ole en\u00e4\u00e4 k\u00e4ytett\u00e4viss\u00e4 puheenjohtajaksi. My\u00f6skin puolueen varapuheenjohtaja vantaalainen tutkija Lena Huld\u00e9n j\u00e4tt\u00e4\u00e4 paikkansa.<br \/>\nEnnakkoarvailuissa puolueen johto tulee kokemaan melkoisen nuorennusleikkauksen.<\/p>\n<p>Asiakirjoissa SKP hahmottelee nykyisest\u00e4 hallituspoliikasta t\u00e4ysin eroavaa politiikkaa. Asiakirjojen nimet: Vastarinnan ja vaihtoehtojen toimintaohjelma ja Uusi suunta kuntauudistukselle, antanevat k\u00e4sityksen kommunistien erilaisesta linjasta ratkaista yhteiskuntamme ongelmia.<br \/>\n<div id=\"attachment_1358\" style=\"width: 3274px\" class=\"wp-caption aligncenter\"><a href=\"\/wp-content\/uploads\/sites\/31\/2013\/06\/SKP-edustajakokous-8.6.2013.jpg\"><img loading=\"lazy\" decoding=\"async\" aria-describedby=\"caption-attachment-1358\" src=\"\/wp-content\/uploads\/sites\/31\/2013\/06\/SKP-edustajakokous-8.6.2013.jpg\" alt=\"\" title=\"SKP edustajakokous 8.6.2013\" width=\"3264\" height=\"2448\" class=\"size-full wp-image-1358\" srcset=\"https:\/\/www.asukkaidenvantaa.fi\/wp-content\/uploads\/sites\/31\/2013\/06\/SKP-edustajakokous-8.6.2013.jpg 3264w, https:\/\/www.asukkaidenvantaa.fi\/wp-content\/uploads\/sites\/31\/2013\/06\/SKP-edustajakokous-8.6.2013-300x225.jpg 300w, https:\/\/www.asukkaidenvantaa.fi\/wp-content\/uploads\/sites\/31\/2013\/06\/SKP-edustajakokous-8.6.2013-1024x768.jpg 1024w\" sizes=\"auto, (max-width: 3264px) 100vw, 3264px\" \/><\/a><p id=\"caption-attachment-1358\" class=\"wp-caption-text\">SKP:n edustajakokous on koolla Vantaalla, Tikkurilan lukiossa 8.6.-9.6. V\u00e4istyv\u00e4 puheenjohtaja Yrj\u00f6 Hakanen esitt\u00e4m\u00e4ss\u00e4 keskuskomitean toimintakertomusta.<\/p><\/div>\n","protected":false},"excerpt":{"rendered":"<p>SKP:n edustajakokous kokoontuu Vantaalla, Tikkurilan lukiossa 8.6.-9.6.. Kommunistit hiovat kaksi p\u00e4iv\u00e4\u00e4 asiakirjoja ja sunnuntaina valitsevat puolueelle uuden johdon. Pitk\u00e4aikainen puheenjohtaja Yrj\u00f6 Hakanen on ilmoittanut, ett\u00e4 ei ole en\u00e4\u00e4 k\u00e4ytett\u00e4viss\u00e4 puheenjohtajaksi. My\u00f6skin puolueen varapuheenjohtaja vantaalainen tutkija Lena Huld\u00e9n j\u00e4tt\u00e4\u00e4 paikkansa. Ennakkoarvailuissa puolueen johto tulee kokemaan melkoisen nuorennusleikkauksen. Asiakirjoissa SKP hahmottelee nykyisest\u00e4 hallituspoliikasta t\u00e4ysin eroavaa politiikkaa. Asiakirjojen&hellip;<\/p>\n<p class=\"more-link-p\"><a class=\"more-link\" href=\"https:\/\/www.asukkaidenvantaa.fi\/?p=1357\">Lue lis\u00e4\u00e4 \u2192<\/a><\/p>\n","protected":false},"author":5003,"featured_media":1358,"comment_status":"open","ping_status":"open","sticky":false,"template":"","format":"standard","meta":{"footnotes":""},"categories":[1],"tags":[123,50,12],"class_list":["post-1357","post","type-post","status-publish","format-standard","has-post-thumbnail","hentry","category-uncategorized","tag-edustajakokous","tag-puheenjohtaja","tag-skp"],"_links":{"self":[{"href":"https:\/\/www.asukkaidenvantaa.fi\/index.php?rest_route=\/wp\/v2\/posts\/1357","targetHints":{"allow":["GET"]}}],"collection":[{"href":"https:\/\/www.asukkaidenvantaa.fi\/index.php?rest_route=\/wp\/v2\/posts"}],"about":[{"href":"https:\/\/www.asukkaidenvantaa.fi\/index.php?rest_route=\/wp\/v2\/types\/post"}],"author":[{"embeddable":true,"href":"https:\/\/www.asukkaidenvantaa.fi\/index.php?rest_route=\/wp\/v2\/users\/5003"}],"replies":[{"embeddable":true,"href":"https:\/\/www.asukkaidenvantaa.fi\/index.php?rest_route=%2Fwp%2Fv2%2Fcomments&post=1357"}],"version-history":[{"count":5,"href":"https:\/\/www.asukkaidenvantaa.fi\/index.php?rest_route=\/wp\/v2\/posts\/1357\/revisions"}],"predecessor-version":[{"id":1363,"href":"https:\/\/www.asukkaidenvantaa.fi\/index.php?rest_route=\/wp\/v2\/posts\/1357\/revisions\/1363"}],"wp:featuredmedia":[{"embeddable":true,"href":"https:\/\/www.asukkaidenvantaa.fi\/index.php?rest_route=\/wp\/v2\/media\/1358"}],"wp:attachment":[{"href":"https:\/\/www.asukkaidenvantaa.fi\/index.php?rest_route=%2Fwp%2Fv2%2Fmedia&parent=1357"}],"wp:term":[{"taxonomy":"category","embeddable":true,"href":"https:\/\/www.asukkaidenvantaa.fi\/index.php?rest_route=%2Fwp%2Fv2%2Fcategories&post=1357"},{"taxonomy":"post_tag","embeddable":true,"href":"https:\/\/www.asukkaidenvantaa.fi\/index.php?rest_route=%2Fwp%2Fv2%2Ftags&post=1357"}],"curies":[{"name":"wp","href":"https:\/\/api.w.org\/{rel}","templated":true}]}}