{"id":1303,"date":"2013-05-12T16:13:43","date_gmt":"2013-05-12T16:13:43","guid":{"rendered":"http:\/\/www.asukkaidenvantaa.fi\/?p=1303"},"modified":"2013-05-12T16:13:43","modified_gmt":"2013-05-12T16:13:43","slug":"hallituksen-tyovaenjohtajat-hamaavat","status":"publish","type":"post","link":"https:\/\/www.asukkaidenvantaa.fi\/?p=1303","title":{"rendered":"Hallituksen &#8221;ty\u00f6v\u00e4enjohtajat&#8221; h\u00e4m\u00e4\u00e4v\u00e4t"},"content":{"rendered":"<p>Tuloerojen kasvu ja k\u00f6yhyys lis\u00e4\u00e4ntyv\u00e4t Suomessa samaan tahtiin ja vauhdilla. Alimmilla tulotasoilla rahat eiv\u00e4t riit\u00e4 en\u00e4\u00e4 v\u00e4ltt\u00e4m\u00e4tt\u00f6m\u00e4\u00e4n. Olipa ihminen ty\u00f6el\u00e4m\u00e4ss\u00e4 tai tulonsiirtojen varassa eiv\u00e4t k\u00e4teen j\u00e4\u00e4v\u00e4t eurot riit\u00e4 edes v\u00e4ltt\u00e4m\u00e4tt\u00f6miin p\u00e4ivitt\u00e4isiin tarpeisiin. Hallituksen k\u00e4rkiministerit toistavat papukaijan lailla k\u00f6yh\u00e4n kannalta \u2013 t\u00e4m\u00e4 my\u00f6nnett\u00e4k\u00f6\u00f6n &#8211; lohdullista p\u00e4\u00e4t\u00f6st\u00e4 eli alimman tuen minimitason nostoa 20 prosentilla. Se onkin t\u00e4m\u00e4n hallituksen ainoa k\u00f6yh\u00e4n kannalta my\u00f6nteinen p\u00e4\u00e4t\u00f6s ja siksi kai hallituksen \u201dty\u00f6v\u00e4enjohtajat\u201d t\u00e4ll\u00e4 yritt\u00e4v\u00e4tkin olemassaoloaan puolustaa. Tuo p\u00e4\u00e4t\u00f6s ja sen jatkuva toistaminen mediassa iskostaa ihmisten mieliin t\u00e4ysin v\u00e4\u00e4r\u00e4n kuvan hallituksen muka sosiaalisesta huolenpidosta. Hallituksen itse itselleen nime\u00e4m\u00e4 slogan \u201dkaveria ei j\u00e4tet\u00e4\u201d kuulostaa h\u00e4rskilt\u00e4 pilailulta.<\/p>\n<p>Harhakuva tuosta alimpien etuuksien noston merkityksest\u00e4 himmenee olemattomiin, kun ottaa huomioon hintojen nousun. Pienill\u00e4 tuloilla el\u00e4v\u00e4lle henkil\u00f6lle k\u00e4teen j\u00e4\u00e4v\u00e4 raha ei ole ennenk\u00e4\u00e4n riitt\u00e4nyt kuin juuri v\u00e4ltt\u00e4m\u00e4tt\u00f6mimp\u00e4\u00e4n, p\u00e4ivitt\u00e4iseen ruokaan. Juuri on taas uutisoitu elintarvikkeiden hintojen nousseen euroalueella l\u00e4hes viisi prosenttia viime vuonna. Omaa talouttani rasittaa viel\u00e4 se toinenkin el\u00e4misen v\u00e4ltt\u00e4m\u00e4tt\u00f6myys; asuminen. Joutuminen suurehkon kiinteist\u00f6kaupan my\u00f6t\u00e4 alun perin kohtuuhintaisessa asunnossa yleishy\u00f6dyllisen Saton k\u00f6yhi\u00e4 kuristavan asuntopolitiikan uhriksi ovat vantaalaisl\u00e4hi\u00f6n kerrostalojen vuokrat nousseet 20 prosentilla muutamassa vuodessa.<\/p>\n<p>Viel\u00e4 kun ottaa huomioon ett\u00e4 k\u00f6yh\u00e4 tarvitsee sen minimituen lis\u00e4ksi viel\u00e4 ainakin ylihintaisen asumisen tukea ja tuo toimeentulotuen minimin nosto s\u00f6i v\u00e4litt\u00f6m\u00e4sti vastaavan m\u00e4\u00e4r\u00e4n asumistukea, kuulostavat n\u00e4iden hallituksen \u201dvasemmistojohtajien\u201d hokemat oikeudenmukaisuudesta, reiluudesta, yms. todella irvokkailta.<\/p>\n<p>Pentti Irvolainen , Vantaa<\/p>\n","protected":false},"excerpt":{"rendered":"<p>Tuloerojen kasvu ja k\u00f6yhyys lis\u00e4\u00e4ntyv\u00e4t Suomessa samaan tahtiin ja vauhdilla. Alimmilla tulotasoilla rahat eiv\u00e4t riit\u00e4 en\u00e4\u00e4 v\u00e4ltt\u00e4m\u00e4tt\u00f6m\u00e4\u00e4n. Olipa ihminen ty\u00f6el\u00e4m\u00e4ss\u00e4 tai tulonsiirtojen varassa eiv\u00e4t k\u00e4teen j\u00e4\u00e4v\u00e4t eurot riit\u00e4 edes v\u00e4ltt\u00e4m\u00e4tt\u00f6miin p\u00e4ivitt\u00e4isiin tarpeisiin. Hallituksen k\u00e4rkiministerit toistavat papukaijan lailla k\u00f6yh\u00e4n kannalta \u2013 t\u00e4m\u00e4 my\u00f6nnett\u00e4k\u00f6\u00f6n &#8211; lohdullista p\u00e4\u00e4t\u00f6st\u00e4 eli alimman tuen minimitason nostoa 20 prosentilla. Se onkin t\u00e4m\u00e4n&hellip;<\/p>\n<p class=\"more-link-p\"><a class=\"more-link\" href=\"https:\/\/www.asukkaidenvantaa.fi\/?p=1303\">Lue lis\u00e4\u00e4 \u2192<\/a><\/p>\n","protected":false},"author":5006,"featured_media":0,"comment_status":"open","ping_status":"open","sticky":false,"template":"","format":"standard","meta":{"footnotes":""},"categories":[28],"tags":[],"class_list":["post-1303","post","type-post","status-publish","format-standard","hentry","category-mielipiteet"],"_links":{"self":[{"href":"https:\/\/www.asukkaidenvantaa.fi\/index.php?rest_route=\/wp\/v2\/posts\/1303","targetHints":{"allow":["GET"]}}],"collection":[{"href":"https:\/\/www.asukkaidenvantaa.fi\/index.php?rest_route=\/wp\/v2\/posts"}],"about":[{"href":"https:\/\/www.asukkaidenvantaa.fi\/index.php?rest_route=\/wp\/v2\/types\/post"}],"author":[{"embeddable":true,"href":"https:\/\/www.asukkaidenvantaa.fi\/index.php?rest_route=\/wp\/v2\/users\/5006"}],"replies":[{"embeddable":true,"href":"https:\/\/www.asukkaidenvantaa.fi\/index.php?rest_route=%2Fwp%2Fv2%2Fcomments&post=1303"}],"version-history":[{"count":1,"href":"https:\/\/www.asukkaidenvantaa.fi\/index.php?rest_route=\/wp\/v2\/posts\/1303\/revisions"}],"predecessor-version":[{"id":1304,"href":"https:\/\/www.asukkaidenvantaa.fi\/index.php?rest_route=\/wp\/v2\/posts\/1303\/revisions\/1304"}],"wp:attachment":[{"href":"https:\/\/www.asukkaidenvantaa.fi\/index.php?rest_route=%2Fwp%2Fv2%2Fmedia&parent=1303"}],"wp:term":[{"taxonomy":"category","embeddable":true,"href":"https:\/\/www.asukkaidenvantaa.fi\/index.php?rest_route=%2Fwp%2Fv2%2Fcategories&post=1303"},{"taxonomy":"post_tag","embeddable":true,"href":"https:\/\/www.asukkaidenvantaa.fi\/index.php?rest_route=%2Fwp%2Fv2%2Ftags&post=1303"}],"curies":[{"name":"wp","href":"https:\/\/api.w.org\/{rel}","templated":true}]}}