{"id":1298,"date":"2013-05-08T08:30:41","date_gmt":"2013-05-08T08:30:41","guid":{"rendered":"http:\/\/www.asukkaidenvantaa.fi\/?p=1298"},"modified":"2013-05-08T08:30:41","modified_gmt":"2013-05-08T08:30:41","slug":"tikkurilan-asemasillan-rakennus-alkoi","status":"publish","type":"post","link":"https:\/\/www.asukkaidenvantaa.fi\/?p=1298","title":{"rendered":"Tikkurilan asemasillan rakennus alkoi"},"content":{"rendered":"<p><strong>Keh\u00e4rata projektiin liittyv\u00e4n Tikkurilan asemasillan rakentaminen alkoi<\/strong><br \/>\nUusi asemasilta yhdist\u00e4\u00e4 junanradan l\u00e4nsi- ja it\u00e4puolet. Silta rakennetaan raiteiden yl\u00e4puolelle. Silta rakennetaan ter\u00e4ksest\u00e4 ja lasista. Sillan pituus tulee olemaan noin 75 m ja leveys 28m. Asemasillalle tulee kaksi liiketilaa.<\/p>\n<div id=\"attachment_1299\" style=\"width: 610px\" class=\"wp-caption aligncenter\"><a href=\"\/wp-content\/uploads\/sites\/31\/2013\/05\/Tikkurilan-asema-28.4.2013-10.jpg\"><img loading=\"lazy\" decoding=\"async\" aria-describedby=\"caption-attachment-1299\" src=\"\/wp-content\/uploads\/sites\/31\/2013\/05\/Tikkurilan-asema-28.4.2013-10-768x1024.jpg\" alt=\"\" title=\"Tikkurilan asema 28.4.2013-10\" width=\"600\" height=\"800\" class=\"size-large wp-image-1299\" \/><\/a><p id=\"caption-attachment-1299\" class=\"wp-caption-text\">Tikkurilan uuden asemasillan ensimm\u00e4iset tukirakenteet on pystytetty. Asemasilta valmistuu vuoden 2014 loppuun menness\u00e4. <\/p><\/div>\n<p><strong>Asemanseudun liikenne sotkuista<\/strong><br \/>\nRakennusty\u00f6t ovat vaikeuttaneet liikkumista aseman ymp\u00e4rist\u00f6ss\u00e4 ja opastus on todettu puutteelliseksi.<br \/>\nVantaan vammaisneuvosto puuttui asiaan. Vammaisneuvoston aloitteesta asiaa mietittiin yhdess\u00e4 rakentajan ja kaupungin edustajien kesken ja tiedotusta ja opastusta p\u00e4\u00e4tettiin parantaa. Radan l\u00e4nsipuolelle, josta pys\u00e4k\u00f6intipaikat nyt on kokonaan poistettu pyrit\u00e4\u00e4n saamaan inva-pys\u00e4k\u00f6inti. Liikennetilanteesta saa tietoa mm. Vantaan kaupungin kotisivuilta.<br \/>\n<div id=\"attachment_1300\" style=\"width: 610px\" class=\"wp-caption aligncenter\"><a href=\"\/wp-content\/uploads\/sites\/31\/2013\/05\/Tikkurilan-asema-28.4.2013-1.jpg\"><img loading=\"lazy\" decoding=\"async\" aria-describedby=\"caption-attachment-1300\" src=\"\/wp-content\/uploads\/sites\/31\/2013\/05\/Tikkurilan-asema-28.4.2013-1-1024x768.jpg\" alt=\"\" title=\"Tikkurilan asema 28.4.2013-1\" width=\"600\" height=\"450\" class=\"size-large wp-image-1300\" \/><\/a><p id=\"caption-attachment-1300\" class=\"wp-caption-text\">Tikkurilan uuden asemakeskuksen rakentaminen hallitsee ja haittaa liikkumista aseman ymp\u00e4rist\u00f6ss\u00e4. Liikkumisesta ja liikenteest\u00e4 pyrit\u00e4\u00e4n jatkossa tiedottamaan nykyist\u00e4 paremmin.<\/p><\/div>\n","protected":false},"excerpt":{"rendered":"<p>Keh\u00e4rata projektiin liittyv\u00e4n Tikkurilan asemasillan rakentaminen alkoi Uusi asemasilta yhdist\u00e4\u00e4 junanradan l\u00e4nsi- ja it\u00e4puolet. Silta rakennetaan raiteiden yl\u00e4puolelle. Silta rakennetaan ter\u00e4ksest\u00e4 ja lasista. Sillan pituus tulee olemaan noin 75 m ja leveys 28m. Asemasillalle tulee kaksi liiketilaa. Asemanseudun liikenne sotkuista Rakennusty\u00f6t ovat vaikeuttaneet liikkumista aseman ymp\u00e4rist\u00f6ss\u00e4 ja opastus on todettu puutteelliseksi. Vantaan vammaisneuvosto puuttui asiaan.&hellip;<\/p>\n<p class=\"more-link-p\"><a class=\"more-link\" href=\"https:\/\/www.asukkaidenvantaa.fi\/?p=1298\">Lue lis\u00e4\u00e4 \u2192<\/a><\/p>\n","protected":false},"author":5003,"featured_media":0,"comment_status":"open","ping_status":"open","sticky":false,"template":"","format":"standard","meta":{"footnotes":""},"categories":[1],"tags":[],"class_list":["post-1298","post","type-post","status-publish","format-standard","hentry","category-uncategorized"],"_links":{"self":[{"href":"https:\/\/www.asukkaidenvantaa.fi\/index.php?rest_route=\/wp\/v2\/posts\/1298","targetHints":{"allow":["GET"]}}],"collection":[{"href":"https:\/\/www.asukkaidenvantaa.fi\/index.php?rest_route=\/wp\/v2\/posts"}],"about":[{"href":"https:\/\/www.asukkaidenvantaa.fi\/index.php?rest_route=\/wp\/v2\/types\/post"}],"author":[{"embeddable":true,"href":"https:\/\/www.asukkaidenvantaa.fi\/index.php?rest_route=\/wp\/v2\/users\/5003"}],"replies":[{"embeddable":true,"href":"https:\/\/www.asukkaidenvantaa.fi\/index.php?rest_route=%2Fwp%2Fv2%2Fcomments&post=1298"}],"version-history":[{"count":2,"href":"https:\/\/www.asukkaidenvantaa.fi\/index.php?rest_route=\/wp\/v2\/posts\/1298\/revisions"}],"predecessor-version":[{"id":1302,"href":"https:\/\/www.asukkaidenvantaa.fi\/index.php?rest_route=\/wp\/v2\/posts\/1298\/revisions\/1302"}],"wp:attachment":[{"href":"https:\/\/www.asukkaidenvantaa.fi\/index.php?rest_route=%2Fwp%2Fv2%2Fmedia&parent=1298"}],"wp:term":[{"taxonomy":"category","embeddable":true,"href":"https:\/\/www.asukkaidenvantaa.fi\/index.php?rest_route=%2Fwp%2Fv2%2Fcategories&post=1298"},{"taxonomy":"post_tag","embeddable":true,"href":"https:\/\/www.asukkaidenvantaa.fi\/index.php?rest_route=%2Fwp%2Fv2%2Ftags&post=1298"}],"curies":[{"name":"wp","href":"https:\/\/api.w.org\/{rel}","templated":true}]}}