{"id":1278,"date":"2013-05-01T16:32:14","date_gmt":"2013-05-01T16:32:14","guid":{"rendered":"http:\/\/www.asukkaidenvantaa.fi\/?p=1278"},"modified":"2013-05-01T16:32:14","modified_gmt":"2013-05-01T16:32:14","slug":"vantaalainen-tyovaen-vappu-alkoi-perinteisella-kunniakaynnilla-punaisten-muistomerkilla","status":"publish","type":"post","link":"https:\/\/www.asukkaidenvantaa.fi\/?p=1278","title":{"rendered":"Vantaalainen ty\u00f6v\u00e4en vappu alkoi perinteisell\u00e4 kunniak\u00e4ynnill\u00e4 punaisten muistomerkill\u00e4"},"content":{"rendered":"<p><strong>Vantaalaiset ty\u00f6v\u00e4enj\u00e4rjest\u00f6t aloittivat vapun vieton kokoontumalla jo perinteeksi vakiintuneella tavalla vapun p\u00e4iv\u00e4n aamulla Vantaan Hiekkaharjuun luokkasodassa menehtyneiden muistomerkille. Tilaisuus sai paikalle my\u00f6s runsaasti yleis\u00f6\u00e4.<\/strong><\/p>\n<p>Tilaisuudessa puhunut <strong>Kati Tyystj\u00e4rvi<\/strong> (vas.)totesi:<\/p>\n<p>Hyv\u00e4t toverit,<br \/>\n95 vuotta sitten taistelun \u00e4\u00e4net taukosivat Suomessa. Pahempaa kuin taistelu oli kuitenkin viel\u00e4 tulossa. Valkoinen terrori alkoi s\u00e4\u00e4litt\u00e4 teloittaa punaisia ik\u00e4\u00e4n ja sukupuoleen katsomatta. Keit\u00e4 ei ehditty ampua, veiv\u00e4t taudit ja ruoan puute vankileireill\u00e4.<br \/>\nViime sunnuntaina Lahdessa muisteltiin luokkasodan er\u00e4st\u00e4 merkitt\u00e4v\u00e4\u00e4 episodia, punavankien kokoamista Fellmanin kent\u00e4lle. Varmasti siell\u00e4 oli v\u00e4ke\u00e4 n\u00e4ilt\u00e4kin seuduilta, Tikkurilan taajav\u00e4kisen yhdyskunnan punakaartilaisia. Kaikkiaan kent\u00e4lle ker\u00e4ttiin yli 20\u00a0000 ihmist\u00e4. Vangit viettiv\u00e4t p\u00e4iv\u00e4ns\u00e4 ja y\u00f6ns\u00e4 avoimen taivaan alla, ilman ruokaa, juomaa ja hygieniaa. Tuhannet kuolivat siihen paikkaan.<br \/>\nHyv\u00e4t toverit,<br \/>\nmenneitten hirmutekojen muistelemisessa ei olisi mit\u00e4\u00e4n mielt\u00e4, ellemme samalla pohtisi, miten voisimme t\u00e4n\u00e4\u00e4n toimia niin, ett\u00e4 moiselta v\u00e4ltytt\u00e4isiin.<br \/>\nMinun vastaukseni on tasa-arvoinen hyvinvointiyhteiskunta. Vuoden 1918 taustalla oli yhteiskunnallinen murros, joka j\u00e4tti valtaosan Suomen ty\u00f6l\u00e4isist\u00e4 vaille ruokaa ja hoivaa. Sotaan l\u00e4hdettiin ep\u00e4toivoisessa tilanteessa, jossa muuta tiet\u00e4 eteenp\u00e4in ei ollut. Paikalleen j\u00e4\u00e4minen olisi merkinnyt varmaa n\u00e4lk\u00e4kuolemaa.<br \/>\nArvoisat toverit, meid\u00e4n on ty\u00f6v\u00e4enliikkeen j\u00e4senin\u00e4 huolehdittava siit\u00e4, ett\u00e4 yhteiskuntamme ei p\u00e4\u00e4se eriarvoistumaan, ett\u00e4 kaikille riitt\u00e4\u00e4 ty\u00f6t\u00e4 ja leip\u00e4\u00e4. Niin, ja unelmia viel\u00e4 paremmasta huomisesta.<br \/>\nHyv\u00e4t toverit,<br \/>\nFellmanin kent\u00e4ll\u00e4 oli 20\u00a0000 ihmist\u00e4. Kun puhumme punavangeista, n\u00e4emme edess\u00e4mme kiv\u00e4\u00e4ri\u00e4 kantavan miehen. N\u00e4it\u00e4kin tuolla aukealla pellolla toki oli, mutta valtaosa vangeista oli naisia ja lapsia. Heit\u00e4kin siis kohtasi valkoinen terrori, jolle oikeudenmukaisuus oli kirosana.<br \/>\nHyv\u00e4t toverit, ihminen ei saa olla ihmiselle susi. Tutkimukset osoittavat, ett\u00e4 kenest\u00e4 hyv\u00e4ns\u00e4 saadaan koulittua t\u00e4ysverinen terroristi k\u00e4den k\u00e4\u00e4nteess\u00e4. T\u00e4ss\u00e4 meill\u00e4 jokaisella on henkil\u00f6kohtaisen vastuunkannon paikka. Kun t\u00e4n\u00e4\u00e4n kaikenkarvaiset hommafoorumit yllytt\u00e4v\u00e4t meit\u00e4 vihapuheisiin, mit\u00e4 vastaat, toveri? Nousetko puolustamaan Fellmanin kent\u00e4n \u00e4itej\u00e4 ja lapsia vai l\u00e4hdetk\u00f6 mukaan vihanlietsontaan, kun moni muukin tekee niin. Sin\u00e4 p\u00e4\u00e4t\u00e4t, toveri, miten toimit.<br \/>\nHyv\u00e4t toverit,<br \/>\nty\u00f6v\u00e4enliikkeen arvona on kansainv\u00e4linen solidaarisuus. Hyvinvoinnin, ty\u00f6n, toimeentulon ja hoivan puolustaminen ei rajoitu kansallisvaltiomme rajoihin. Italian ty\u00f6t\u00f6n nuori on toverimme, samoin Espanjan ja Kreikan ty\u00f6l\u00e4iset. Maailman kansojen kohtalo on yhteinen. Jos joku kuvittelee, ett\u00e4 voimme irtautua maailmasta ja k\u00e4perty\u00e4 kuoreemme, h\u00e4n on houkka. Jos se ei onnistunut 95 vuotta sitten, jolloin liikkuminen ja viestint\u00e4 olivat paljon nykyist\u00e4 vaikeampaa, miten se, toverit, onnistuisi t\u00e4n\u00e4\u00e4n?<br \/>\nN\u00e4ill\u00e4 sanoilla, t\u00e4n\u00e4\u00e4n t\u00e4\u00e4ll\u00e4 Hiekkaharjussa, 95 vuotta sen j\u00e4lkeen, kun toverimme antoivat henkens\u00e4 vakaumuksensa puolesta, saan toivottaa teille kaikille mit\u00e4 parhainta ty\u00f6v\u00e4en vappua!<br \/>\n<div id=\"attachment_1279\" style=\"width: 2570px\" class=\"wp-caption aligncenter\"><a href=\"\/wp-content\/uploads\/sites\/31\/2013\/05\/Vappu-2013-009.jpg\"><img loading=\"lazy\" decoding=\"async\" aria-describedby=\"caption-attachment-1279\" src=\"\/wp-content\/uploads\/sites\/31\/2013\/05\/Vappu-2013-009.jpg\" alt=\"\" title=\"Vappu 2013 009\" width=\"2560\" height=\"1920\" class=\"size-full wp-image-1279\" srcset=\"https:\/\/www.asukkaidenvantaa.fi\/wp-content\/uploads\/sites\/31\/2013\/05\/Vappu-2013-009.jpg 2560w, https:\/\/www.asukkaidenvantaa.fi\/wp-content\/uploads\/sites\/31\/2013\/05\/Vappu-2013-009-300x225.jpg 300w, https:\/\/www.asukkaidenvantaa.fi\/wp-content\/uploads\/sites\/31\/2013\/05\/Vappu-2013-009-1024x768.jpg 1024w\" sizes=\"auto, (max-width: 2560px) 100vw, 2560px\" \/><\/a><p id=\"caption-attachment-1279\" class=\"wp-caption-text\">Vantaalaiset ty\u00f6v\u00e4enj\u00e4rjest\u00f6t lippuineen kunnioittivat vappuaamuna vuoden 1918 sis\u00e4llissodan punaisia uhreja. Tilaisuudessa puhui  Kati Tyystj\u00e4rvi.<\/p><\/div>\n","protected":false},"excerpt":{"rendered":"<p>Vantaalaiset ty\u00f6v\u00e4enj\u00e4rjest\u00f6t aloittivat vapun vieton kokoontumalla jo perinteeksi vakiintuneella tavalla vapun p\u00e4iv\u00e4n aamulla Vantaan Hiekkaharjuun luokkasodassa menehtyneiden muistomerkille. Tilaisuus sai paikalle my\u00f6s runsaasti yleis\u00f6\u00e4. Tilaisuudessa puhunut Kati Tyystj\u00e4rvi (vas.)totesi: Hyv\u00e4t toverit, 95 vuotta sitten taistelun \u00e4\u00e4net taukosivat Suomessa. Pahempaa kuin taistelu oli kuitenkin viel\u00e4 tulossa. Valkoinen terrori alkoi s\u00e4\u00e4litt\u00e4 teloittaa punaisia ik\u00e4\u00e4n ja sukupuoleen katsomatta.&hellip;<\/p>\n<p class=\"more-link-p\"><a class=\"more-link\" href=\"https:\/\/www.asukkaidenvantaa.fi\/?p=1278\">Lue lis\u00e4\u00e4 \u2192<\/a><\/p>\n","protected":false},"author":5003,"featured_media":1279,"comment_status":"open","ping_status":"open","sticky":false,"template":"","format":"standard","meta":{"footnotes":""},"categories":[35],"tags":[],"class_list":["post-1278","post","type-post","status-publish","format-standard","has-post-thumbnail","hentry","category-tapahtumat"],"_links":{"self":[{"href":"https:\/\/www.asukkaidenvantaa.fi\/index.php?rest_route=\/wp\/v2\/posts\/1278","targetHints":{"allow":["GET"]}}],"collection":[{"href":"https:\/\/www.asukkaidenvantaa.fi\/index.php?rest_route=\/wp\/v2\/posts"}],"about":[{"href":"https:\/\/www.asukkaidenvantaa.fi\/index.php?rest_route=\/wp\/v2\/types\/post"}],"author":[{"embeddable":true,"href":"https:\/\/www.asukkaidenvantaa.fi\/index.php?rest_route=\/wp\/v2\/users\/5003"}],"replies":[{"embeddable":true,"href":"https:\/\/www.asukkaidenvantaa.fi\/index.php?rest_route=%2Fwp%2Fv2%2Fcomments&post=1278"}],"version-history":[{"count":4,"href":"https:\/\/www.asukkaidenvantaa.fi\/index.php?rest_route=\/wp\/v2\/posts\/1278\/revisions"}],"predecessor-version":[{"id":1283,"href":"https:\/\/www.asukkaidenvantaa.fi\/index.php?rest_route=\/wp\/v2\/posts\/1278\/revisions\/1283"}],"wp:featuredmedia":[{"embeddable":true,"href":"https:\/\/www.asukkaidenvantaa.fi\/index.php?rest_route=\/wp\/v2\/media\/1279"}],"wp:attachment":[{"href":"https:\/\/www.asukkaidenvantaa.fi\/index.php?rest_route=%2Fwp%2Fv2%2Fmedia&parent=1278"}],"wp:term":[{"taxonomy":"category","embeddable":true,"href":"https:\/\/www.asukkaidenvantaa.fi\/index.php?rest_route=%2Fwp%2Fv2%2Fcategories&post=1278"},{"taxonomy":"post_tag","embeddable":true,"href":"https:\/\/www.asukkaidenvantaa.fi\/index.php?rest_route=%2Fwp%2Fv2%2Ftags&post=1278"}],"curies":[{"name":"wp","href":"https:\/\/api.w.org\/{rel}","templated":true}]}}