{"id":1266,"date":"2013-05-01T15:51:04","date_gmt":"2013-05-01T15:51:04","guid":{"rendered":"http:\/\/www.asukkaidenvantaa.fi\/?p=1266"},"modified":"2013-05-02T07:46:21","modified_gmt":"2013-05-02T07:46:21","slug":"rauhanklubissa-kurdi-ilta","status":"publish","type":"post","link":"https:\/\/www.asukkaidenvantaa.fi\/?p=1266","title":{"rendered":"Rauhanklubissa kurdi-ilta"},"content":{"rendered":"<p>Vantaan Rauhanpuolustajien Rauhanklubissa 29.4. saatiin selkoa kurdien tilanteesta. Alustajina olivat tohtori, kurdi tutkija Kristiina Koivunen ja kurdiaktivisti Welat Nehri. Kurdikysymyksen l\u00e4pikotaisin tunteva kaksikko valaisi kurdien tilannetta.<br \/>\n<div id=\"attachment_1269\" style=\"width: 610px\" class=\"wp-caption aligncenter\"><a href=\"\/wp-content\/uploads\/sites\/31\/2013\/05\/Kurdi-ilta-28.4.2013-2.jpg\"><img loading=\"lazy\" decoding=\"async\" aria-describedby=\"caption-attachment-1269\" src=\"\/wp-content\/uploads\/sites\/31\/2013\/05\/Kurdi-ilta-28.4.2013-2-1024x768.jpg\" alt=\"\" title=\"Kurdi-ilta 28.4.2013-2\" width=\"600\" height=\"450\" class=\"size-large wp-image-1269\" srcset=\"https:\/\/www.asukkaidenvantaa.fi\/wp-content\/uploads\/sites\/31\/2013\/05\/Kurdi-ilta-28.4.2013-2-1024x768.jpg 1024w, https:\/\/www.asukkaidenvantaa.fi\/wp-content\/uploads\/sites\/31\/2013\/05\/Kurdi-ilta-28.4.2013-2-300x225.jpg 300w\" sizes=\"auto, (max-width: 600px) 100vw, 600px\" \/><\/a><p id=\"caption-attachment-1269\" class=\"wp-caption-text\">Kurdi-illan alustajat, tohtori, kurdi tutkija Kristiina Koivunen ja kurdiaktivistsi Welat Nehri tarjosivat  valaisevan tietopaketin ja her\u00e4ttiv\u00e4t vilkkaan keskustelun kurdien asemasta.<\/p><\/div>\n<p>Kurdithan, vaikka heit\u00e4 on noin 35 milj. ovat j\u00e4\u00e4neet ilman omaa valtiota kun l\u00e4hi-id\u00e4n rajoja on eri sotien j\u00e4lkeen piirrelty. Kyseess\u00e4 on kuitenkin kansa jolla on oma kieli, oma kulttuuri ja joka on vuosituhansia asunut alueella. Kurdeja asuu p\u00e4\u00e4asiassa nelj\u00e4n valtion alueella: Irakissa, Iranissa, Syyriassa ja Turkissa. Kurdien vaatimus omasta valtiosta tarkoittaisi maa-alueiden saamista n\u00e4ist\u00e4 nelj\u00e4st\u00e4 valtiosta.<\/p>\n<p>Pertti Nyk\u00e4nen on kuvannut tilaisuudesta 2-osaisen videon, <a href=\"http:\/\/www.youtube.com\/watch?v=HySVDg83P00\">katso osa 1<\/a> <a href=\"http:\/\/www.youtube.com\/watch?v=HySVDg83P00&#038;noredirect=1\"><\/a> <a href=\"http:\/\/www.youtube.com\/watch?v=E6xBLTk8OI8&#038;feature=youtu.be\">katso osa 2<\/a> <\/p>\n<div id=\"attachment_1271\" style=\"width: 3274px\" class=\"wp-caption aligncenter\"><a href=\"\/wp-content\/uploads\/sites\/31\/2013\/05\/Kurdi-ilta-28.4.2013-4.jpg\"><img loading=\"lazy\" decoding=\"async\" aria-describedby=\"caption-attachment-1271\" src=\"\/wp-content\/uploads\/sites\/31\/2013\/05\/Kurdi-ilta-28.4.2013-4.jpg\" alt=\"\" title=\"Kurdi-ilta 28.4.2013-4\" width=\"3264\" height=\"2448\" class=\"size-full wp-image-1271\" srcset=\"https:\/\/www.asukkaidenvantaa.fi\/wp-content\/uploads\/sites\/31\/2013\/05\/Kurdi-ilta-28.4.2013-4.jpg 3264w, https:\/\/www.asukkaidenvantaa.fi\/wp-content\/uploads\/sites\/31\/2013\/05\/Kurdi-ilta-28.4.2013-4-300x225.jpg 300w, https:\/\/www.asukkaidenvantaa.fi\/wp-content\/uploads\/sites\/31\/2013\/05\/Kurdi-ilta-28.4.2013-4-1024x768.jpg 1024w\" sizes=\"auto, (max-width: 3264px) 100vw, 3264px\" \/><\/a><p id=\"caption-attachment-1271\" class=\"wp-caption-text\">Kurdien asuttama alue Kurdistan ulottuu nelj\u00e4n valtion Irakin, Iranin, Syyrian ja Turkin alueelle.<\/p><\/div>\nIrakin kurdeilla on alueillaan laaja itsehallinto, joka ei kuitenkaan koske Kirkukin alueen \u00f6ljyesiintymi\u00e4. Muissa maissa kurdien asema vaihtelee, esimerkiksi Turkissa kurdit ovat vainottu v\u00e4hemmist\u00f6.<br \/>\nKurdien kansalliseepos, Ehmed\u00ea Xan\u00ee: Mem u Zin kirjoitettiin jo 1600 luvulla. Tarina kertoo kansasta ja maasta jotka rakastavat toisiaan, mutta jotka eiv\u00e4t koskaan saa toisiaan.<\/p>\n<p>Uskontoja on kurdien keskuudessa monia, t\u00e4rkein Islam.<br \/>\nT\u00e4rkeimm\u00e4t elinkeinot ovat:Maatalous, k\u00e4sity\u00f6l\u00e4isyys, esim. matot, paimentolaisuus ja kauppa.<\/p>\n<p>Miljoonat kurdit ovat joutuneet l\u00e4htem\u00e4\u00e4n maanpakoon. Esimerkiksi suurin kurdikaupunki on Istanbul jossa asuu yli 5 miljoonaa kurdia.<br \/>\n<div id=\"attachment_1274\" style=\"width: 970px\" class=\"wp-caption aligncenter\"><a href=\"\/wp-content\/uploads\/sites\/31\/2013\/05\/Kurdi-ilta-28.4.2013-6.jpg\"><img loading=\"lazy\" decoding=\"async\" aria-describedby=\"caption-attachment-1274\" src=\"\/wp-content\/uploads\/sites\/31\/2013\/05\/Kurdi-ilta-28.4.2013-6.jpg\" alt=\"\" title=\"Kurdi-ilta 28.4.2013-6\" width=\"960\" height=\"720\" class=\"size-full wp-image-1274\" srcset=\"https:\/\/www.asukkaidenvantaa.fi\/wp-content\/uploads\/sites\/31\/2013\/05\/Kurdi-ilta-28.4.2013-6.jpg 960w, https:\/\/www.asukkaidenvantaa.fi\/wp-content\/uploads\/sites\/31\/2013\/05\/Kurdi-ilta-28.4.2013-6-300x225.jpg 300w\" sizes=\"auto, (max-width: 960px) 100vw, 960px\" \/><\/a><p id=\"caption-attachment-1274\" class=\"wp-caption-text\">Keskustelu k\u00e4vi vilkkaana niin alustuksen aikana kuin kahvip\u00f6yd\u00e4ss\u00e4kin. Leivonnaisten lis\u00e4ksi tarjolla oli kurdialueelta tuotuja taateleita.<\/p><\/div>\n","protected":false},"excerpt":{"rendered":"<p>Vantaan Rauhanpuolustajien Rauhanklubissa 29.4. saatiin selkoa kurdien tilanteesta. Alustajina olivat tohtori, kurdi tutkija Kristiina Koivunen ja kurdiaktivisti Welat Nehri. Kurdikysymyksen l\u00e4pikotaisin tunteva kaksikko valaisi kurdien tilannetta. Kurdithan, vaikka heit\u00e4 on noin 35 milj. ovat j\u00e4\u00e4neet ilman omaa valtiota kun l\u00e4hi-id\u00e4n rajoja on eri sotien j\u00e4lkeen piirrelty. Kyseess\u00e4 on kuitenkin kansa jolla on oma kieli, oma&hellip;<\/p>\n<p class=\"more-link-p\"><a class=\"more-link\" href=\"https:\/\/www.asukkaidenvantaa.fi\/?p=1266\">Lue lis\u00e4\u00e4 \u2192<\/a><\/p>\n","protected":false},"author":5003,"featured_media":1271,"comment_status":"open","ping_status":"open","sticky":false,"template":"","format":"standard","meta":{"footnotes":""},"categories":[1],"tags":[],"class_list":["post-1266","post","type-post","status-publish","format-standard","has-post-thumbnail","hentry","category-uncategorized"],"_links":{"self":[{"href":"https:\/\/www.asukkaidenvantaa.fi\/index.php?rest_route=\/wp\/v2\/posts\/1266","targetHints":{"allow":["GET"]}}],"collection":[{"href":"https:\/\/www.asukkaidenvantaa.fi\/index.php?rest_route=\/wp\/v2\/posts"}],"about":[{"href":"https:\/\/www.asukkaidenvantaa.fi\/index.php?rest_route=\/wp\/v2\/types\/post"}],"author":[{"embeddable":true,"href":"https:\/\/www.asukkaidenvantaa.fi\/index.php?rest_route=\/wp\/v2\/users\/5003"}],"replies":[{"embeddable":true,"href":"https:\/\/www.asukkaidenvantaa.fi\/index.php?rest_route=%2Fwp%2Fv2%2Fcomments&post=1266"}],"version-history":[{"count":16,"href":"https:\/\/www.asukkaidenvantaa.fi\/index.php?rest_route=\/wp\/v2\/posts\/1266\/revisions"}],"predecessor-version":[{"id":1291,"href":"https:\/\/www.asukkaidenvantaa.fi\/index.php?rest_route=\/wp\/v2\/posts\/1266\/revisions\/1291"}],"wp:featuredmedia":[{"embeddable":true,"href":"https:\/\/www.asukkaidenvantaa.fi\/index.php?rest_route=\/wp\/v2\/media\/1271"}],"wp:attachment":[{"href":"https:\/\/www.asukkaidenvantaa.fi\/index.php?rest_route=%2Fwp%2Fv2%2Fmedia&parent=1266"}],"wp:term":[{"taxonomy":"category","embeddable":true,"href":"https:\/\/www.asukkaidenvantaa.fi\/index.php?rest_route=%2Fwp%2Fv2%2Fcategories&post=1266"},{"taxonomy":"post_tag","embeddable":true,"href":"https:\/\/www.asukkaidenvantaa.fi\/index.php?rest_route=%2Fwp%2Fv2%2Ftags&post=1266"}],"curies":[{"name":"wp","href":"https:\/\/api.w.org\/{rel}","templated":true}]}}