{"id":1240,"date":"2013-04-25T11:19:22","date_gmt":"2013-04-25T11:19:22","guid":{"rendered":"http:\/\/www.asukkaidenvantaa.fi\/?p=1240"},"modified":"2013-04-25T11:19:22","modified_gmt":"2013-04-25T11:19:22","slug":"korson-sosiaaliaseman-toiminta-siirretaan-koivukylaan","status":"publish","type":"post","link":"https:\/\/www.asukkaidenvantaa.fi\/?p=1240","title":{"rendered":"Korson sosiaaliaseman toiminta siirret\u00e4\u00e4n Koivukyl\u00e4\u00e4n"},"content":{"rendered":"<p><strong>Vantaan kaupunki jatkaa TVO:n, Talous- ja velkaohjelman mukaisesti kuntalaisten l\u00e4hipalveluiden karsimista.<\/strong><\/p>\n<p>Hein\u00e4kuusta l\u00e4htien Korson sosiaaliaseman asiakkaat joutuvat asioimaan Koivykyl\u00e4ss\u00e4 jonka sosiaaliaseman yhteyteen palvelut siirret\u00e4\u00e4n.<br \/>\n<div id=\"attachment_1241\" style=\"width: 269px\" class=\"wp-caption aligncenter\"><a href=\"\/wp-content\/uploads\/sites\/31\/2013\/04\/Korson-sosiaaliasema.jpeg\"><img loading=\"lazy\" decoding=\"async\" aria-describedby=\"caption-attachment-1241\" src=\"\/wp-content\/uploads\/sites\/31\/2013\/04\/Korson-sosiaaliasema.jpeg\" alt=\"\" title=\"Korson sosiaaliasema\" width=\"259\" height=\"194\" class=\"size-full wp-image-1241\" \/><\/a><p id=\"caption-attachment-1241\" class=\"wp-caption-text\">Kuvassa Korson sosiaaliaseman sis\u00e4\u00e4nk\u00e4ynti. Korson sosiaaliasema lopetetaan. Se yhdistet\u00e4\u00e4n Koivukyl\u00e4n sosiaaliasemaan ja samalla heikennet\u00e4\u00e4n korsolaisten palveluja.<\/p><\/div>\nKaupunki nimitt\u00e4\u00e4 omassa tiedottamisessaan Korson sosiaaliaseman lopettamista palveluiden yhdist\u00e4miseksi. Yhdist\u00e4misen seurauksena korsolaisten sosiaalipalveluiden saatavuus tulee hankalammaksi. Kuluu enemm\u00e4n aikaa asioimiseen ja maksaa ne lyhyetkin matkat. Osan asiakkaiden uusista kuluista  joutunee kaupunki korvaamaan kuljetuskorvauksina ja nousevina toimeentulotukina.<\/p>\n<p>Vaikka terveydenhuollon johto vakuuttaakin, ettei nykyisi\u00e4 terveys &#8211; ja sosiaaliasemia lakkauteta, niin palveluiden vaiheittainen karsiminen t\u00e4ht\u00e4\u00e4 kokoomusvetoisen kaupungin pitemm\u00e4n linjan tavoitteeseen, l\u00e4hipalvelujen runsaaseen v\u00e4hent\u00e4miseen. Visio enint\u00e4\u00e4n viidest\u00e4 terveysasemasta v\u00e4ikkyy edelleen monen johtavan virkamiehen ja valtuutetun mieless\u00e4. Heille ei kuntalaisten tarpeet ja mielipiteet juuri mieleen juolahda Mehil\u00e4isen yksityisl\u00e4\u00e4k\u00e4rin vastaanotolle ilmoittautuessa.<\/p>\n","protected":false},"excerpt":{"rendered":"<p>Vantaan kaupunki jatkaa TVO:n, Talous- ja velkaohjelman mukaisesti kuntalaisten l\u00e4hipalveluiden karsimista. Hein\u00e4kuusta l\u00e4htien Korson sosiaaliaseman asiakkaat joutuvat asioimaan Koivykyl\u00e4ss\u00e4 jonka sosiaaliaseman yhteyteen palvelut siirret\u00e4\u00e4n. Kaupunki nimitt\u00e4\u00e4 omassa tiedottamisessaan Korson sosiaaliaseman lopettamista palveluiden yhdist\u00e4miseksi. Yhdist\u00e4misen seurauksena korsolaisten sosiaalipalveluiden saatavuus tulee hankalammaksi. Kuluu enemm\u00e4n aikaa asioimiseen ja maksaa ne lyhyetkin matkat. Osan asiakkaiden uusista kuluista joutunee kaupunki&hellip;<\/p>\n<p class=\"more-link-p\"><a class=\"more-link\" href=\"https:\/\/www.asukkaidenvantaa.fi\/?p=1240\">Lue lis\u00e4\u00e4 \u2192<\/a><\/p>\n","protected":false},"author":5003,"featured_media":0,"comment_status":"open","ping_status":"open","sticky":false,"template":"","format":"standard","meta":{"footnotes":""},"categories":[1],"tags":[],"class_list":["post-1240","post","type-post","status-publish","format-standard","hentry","category-uncategorized"],"_links":{"self":[{"href":"https:\/\/www.asukkaidenvantaa.fi\/index.php?rest_route=\/wp\/v2\/posts\/1240","targetHints":{"allow":["GET"]}}],"collection":[{"href":"https:\/\/www.asukkaidenvantaa.fi\/index.php?rest_route=\/wp\/v2\/posts"}],"about":[{"href":"https:\/\/www.asukkaidenvantaa.fi\/index.php?rest_route=\/wp\/v2\/types\/post"}],"author":[{"embeddable":true,"href":"https:\/\/www.asukkaidenvantaa.fi\/index.php?rest_route=\/wp\/v2\/users\/5003"}],"replies":[{"embeddable":true,"href":"https:\/\/www.asukkaidenvantaa.fi\/index.php?rest_route=%2Fwp%2Fv2%2Fcomments&post=1240"}],"version-history":[{"count":3,"href":"https:\/\/www.asukkaidenvantaa.fi\/index.php?rest_route=\/wp\/v2\/posts\/1240\/revisions"}],"predecessor-version":[{"id":1331,"href":"https:\/\/www.asukkaidenvantaa.fi\/index.php?rest_route=\/wp\/v2\/posts\/1240\/revisions\/1331"}],"wp:attachment":[{"href":"https:\/\/www.asukkaidenvantaa.fi\/index.php?rest_route=%2Fwp%2Fv2%2Fmedia&parent=1240"}],"wp:term":[{"taxonomy":"category","embeddable":true,"href":"https:\/\/www.asukkaidenvantaa.fi\/index.php?rest_route=%2Fwp%2Fv2%2Fcategories&post=1240"},{"taxonomy":"post_tag","embeddable":true,"href":"https:\/\/www.asukkaidenvantaa.fi\/index.php?rest_route=%2Fwp%2Fv2%2Ftags&post=1240"}],"curies":[{"name":"wp","href":"https:\/\/api.w.org\/{rel}","templated":true}]}}