{"id":1170,"date":"2013-04-10T11:20:20","date_gmt":"2013-04-10T11:20:20","guid":{"rendered":"http:\/\/www.asukkaidenvantaa.fi\/?p=1170"},"modified":"2013-04-10T11:20:20","modified_gmt":"2013-04-10T11:20:20","slug":"vantaan-vammaisohjelmaa-kaytantoon","status":"publish","type":"post","link":"https:\/\/www.asukkaidenvantaa.fi\/?p=1170","title":{"rendered":"Vantaan vammaisohjelmaa k\u00e4yt\u00e4nt\u00f6\u00f6n"},"content":{"rendered":"<p>Joulukuussa 2012 hyv\u00e4ksytty\u00e4 Vantaan uutta vammaispoliittista ohjelmaa Wampoa edistettiin seminaarilla. 10.4.2013 j\u00e4rjestetty &#8221;Kuka palkkaisi meid\u00e4t?&#8221; seminaari pureutui vammaisten ty\u00f6llist\u00e4misen kysymyksiin.<br \/>\nSeminaarissa kuultiin ty\u00f6nantajien sek\u00e4 vammaisten kokemuksia. <\/p>\n<p>Vantaan kaupungin tervehdyksen seminaariin toi valtuuston puheenjohtaja, kansanedustaja Antti Lindtman. Lindtman totesi Vantaan vammaispoliittisen ohjelman Wampon olevan jo kolmas vammaispoliittinen ohjelma Vantaalla. Wampon viidest\u00e4 keih\u00e4\u00e4nk\u00e4rjest\u00e4 Lindtman nosti esiin erityisesti &#8221;Oikeuden koulutukseen, ty\u00f6h\u00f6n ja mielekk\u00e4\u00e4seen arkeen&#8221;. Lindtman lupasi Vantaan kaupungin n\u00e4ytt\u00e4v\u00e4n esimerkki\u00e4 vammaisten ty\u00f6llist\u00e4j\u00e4n\u00e4.<br \/>\n<div id=\"attachment_1171\" style=\"width: 610px\" class=\"wp-caption aligncenter\"><a href=\"\/wp-content\/uploads\/sites\/31\/2013\/04\/Wampo-seminaari-1.jpg\"><img loading=\"lazy\" decoding=\"async\" aria-describedby=\"caption-attachment-1171\" src=\"\/wp-content\/uploads\/sites\/31\/2013\/04\/Wampo-seminaari-1-1024x768.jpg\" alt=\"\" title=\"Wampo seminaari 1\" width=\"600\" height=\"450\" class=\"size-large wp-image-1171\" srcset=\"https:\/\/www.asukkaidenvantaa.fi\/wp-content\/uploads\/sites\/31\/2013\/04\/Wampo-seminaari-1-1024x768.jpg 1024w, https:\/\/www.asukkaidenvantaa.fi\/wp-content\/uploads\/sites\/31\/2013\/04\/Wampo-seminaari-1-300x225.jpg 300w\" sizes=\"auto, (max-width: 600px) 100vw, 600px\" \/><\/a><p id=\"caption-attachment-1171\" class=\"wp-caption-text\">Betesda s\u00e4\u00e4ti\u00f6 on laatinut oman ohjelman vammaisten ja vajaaty\u00f6kykyisten ty\u00f6llist\u00e4miseen.<\/p><\/div>\nSeminaarin puheenvuoroista kaksi oli vammaisten omia kertomuksia kokemuksistaan ty\u00f6llisty\u00e4 ja nykyisest\u00e4 ty\u00f6st\u00e4\u00e4n.<br \/>\n<div id=\"attachment_1172\" style=\"width: 310px\" class=\"wp-caption aligncenter\"><a href=\"\/wp-content\/uploads\/sites\/31\/2013\/04\/Wampo-seminaari-2.jpg\"><img loading=\"lazy\" decoding=\"async\" aria-describedby=\"caption-attachment-1172\" src=\"\/wp-content\/uploads\/sites\/31\/2013\/04\/Wampo-seminaari-2-300x225.jpg\" alt=\"\" title=\"Wampo seminaari 2\" width=\"300\" height=\"225\" class=\"size-medium wp-image-1172\" srcset=\"https:\/\/www.asukkaidenvantaa.fi\/wp-content\/uploads\/sites\/31\/2013\/04\/Wampo-seminaari-2-300x225.jpg 300w, https:\/\/www.asukkaidenvantaa.fi\/wp-content\/uploads\/sites\/31\/2013\/04\/Wampo-seminaari-2-1024x768.jpg 1024w\" sizes=\"auto, (max-width: 300px) 100vw, 300px\" \/><\/a><p id=\"caption-attachment-1172\" class=\"wp-caption-text\">Tilaisuuden juontajina toimivat hoiva ja ruokahuollossa ty\u00f6skentelev\u00e4t vammaiset.<\/p><\/div>\n<p>Seminaarin yhten\u00e4 alustajana kuultu n\u00e4yttelij\u00e4 Sara Paavolainen, itsekin vammaisen lapsen \u00e4iti, karisti ennakkoluulon suomuja kuulijoiden silmilt\u00e4.<\/p>\n<p>Tiedon puute ja siit\u00e4 johtuvat asenteet ovat usein vammaisten henkil\u00f6iden ty\u00f6llistymisen esteen\u00e4. Vammaisia palkanneiden ty\u00f6nantajien kokemukset ovat hyvi\u00e4. Vammaiset ty\u00f6ntekij\u00e4t ovat hyvin motivoituneita.<br \/>\nSeminaarissa muistutettiin my\u00f6s yhteiskunnan avusta ja tuesta vammaisia ty\u00f6llistett\u00e4ess\u00e4.<br \/>\n<div id=\"attachment_1173\" style=\"width: 310px\" class=\"wp-caption aligncenter\"><a href=\"\/wp-content\/uploads\/sites\/31\/2013\/04\/Wampo-seminaari-3.jpg\"><img loading=\"lazy\" decoding=\"async\" aria-describedby=\"caption-attachment-1173\" src=\"\/wp-content\/uploads\/sites\/31\/2013\/04\/Wampo-seminaari-3-300x225.jpg\" alt=\"\" title=\"Wampo seminaari 3\" width=\"300\" height=\"225\" class=\"size-medium wp-image-1173\" srcset=\"https:\/\/www.asukkaidenvantaa.fi\/wp-content\/uploads\/sites\/31\/2013\/04\/Wampo-seminaari-3-300x225.jpg 300w, https:\/\/www.asukkaidenvantaa.fi\/wp-content\/uploads\/sites\/31\/2013\/04\/Wampo-seminaari-3-1024x768.jpg 1024w\" sizes=\"auto, (max-width: 300px) 100vw, 300px\" \/><\/a><p id=\"caption-attachment-1173\" class=\"wp-caption-text\">Seminaariyleis\u00f6\u00e4 viihdytti Resonanssi yhtyeen j\u00e4senet.<\/p><\/div>\n","protected":false},"excerpt":{"rendered":"<p>Joulukuussa 2012 hyv\u00e4ksytty\u00e4 Vantaan uutta vammaispoliittista ohjelmaa Wampoa edistettiin seminaarilla. 10.4.2013 j\u00e4rjestetty &#8221;Kuka palkkaisi meid\u00e4t?&#8221; seminaari pureutui vammaisten ty\u00f6llist\u00e4misen kysymyksiin. Seminaarissa kuultiin ty\u00f6nantajien sek\u00e4 vammaisten kokemuksia. Vantaan kaupungin tervehdyksen seminaariin toi valtuuston puheenjohtaja, kansanedustaja Antti Lindtman. Lindtman totesi Vantaan vammaispoliittisen ohjelman Wampon olevan jo kolmas vammaispoliittinen ohjelma Vantaalla. Wampon viidest\u00e4 keih\u00e4\u00e4nk\u00e4rjest\u00e4 Lindtman nosti esiin erityisesti&hellip;<\/p>\n<p class=\"more-link-p\"><a class=\"more-link\" href=\"https:\/\/www.asukkaidenvantaa.fi\/?p=1170\">Lue lis\u00e4\u00e4 \u2192<\/a><\/p>\n","protected":false},"author":5003,"featured_media":1171,"comment_status":"open","ping_status":"open","sticky":false,"template":"","format":"standard","meta":{"footnotes":""},"categories":[35],"tags":[175,174,173],"class_list":["post-1170","post","type-post","status-publish","format-standard","has-post-thumbnail","hentry","category-tapahtumat","tag-seminaari","tag-tyollistya","tag-vammainen"],"_links":{"self":[{"href":"https:\/\/www.asukkaidenvantaa.fi\/index.php?rest_route=\/wp\/v2\/posts\/1170","targetHints":{"allow":["GET"]}}],"collection":[{"href":"https:\/\/www.asukkaidenvantaa.fi\/index.php?rest_route=\/wp\/v2\/posts"}],"about":[{"href":"https:\/\/www.asukkaidenvantaa.fi\/index.php?rest_route=\/wp\/v2\/types\/post"}],"author":[{"embeddable":true,"href":"https:\/\/www.asukkaidenvantaa.fi\/index.php?rest_route=\/wp\/v2\/users\/5003"}],"replies":[{"embeddable":true,"href":"https:\/\/www.asukkaidenvantaa.fi\/index.php?rest_route=%2Fwp%2Fv2%2Fcomments&post=1170"}],"version-history":[{"count":6,"href":"https:\/\/www.asukkaidenvantaa.fi\/index.php?rest_route=\/wp\/v2\/posts\/1170\/revisions"}],"predecessor-version":[{"id":1179,"href":"https:\/\/www.asukkaidenvantaa.fi\/index.php?rest_route=\/wp\/v2\/posts\/1170\/revisions\/1179"}],"wp:featuredmedia":[{"embeddable":true,"href":"https:\/\/www.asukkaidenvantaa.fi\/index.php?rest_route=\/wp\/v2\/media\/1171"}],"wp:attachment":[{"href":"https:\/\/www.asukkaidenvantaa.fi\/index.php?rest_route=%2Fwp%2Fv2%2Fmedia&parent=1170"}],"wp:term":[{"taxonomy":"category","embeddable":true,"href":"https:\/\/www.asukkaidenvantaa.fi\/index.php?rest_route=%2Fwp%2Fv2%2Fcategories&post=1170"},{"taxonomy":"post_tag","embeddable":true,"href":"https:\/\/www.asukkaidenvantaa.fi\/index.php?rest_route=%2Fwp%2Fv2%2Ftags&post=1170"}],"curies":[{"name":"wp","href":"https:\/\/api.w.org\/{rel}","templated":true}]}}