{"id":1163,"date":"2013-04-03T14:38:43","date_gmt":"2013-04-03T14:38:43","guid":{"rendered":"http:\/\/www.asukkaidenvantaa.fi\/?p=1163"},"modified":"2013-04-03T14:38:43","modified_gmt":"2013-04-03T14:38:43","slug":"vahti-ry-aloitti-kahvilatoiminnan","status":"publish","type":"post","link":"https:\/\/www.asukkaidenvantaa.fi\/?p=1163","title":{"rendered":"VAHTI ry aloitti kahvilatoiminnan"},"content":{"rendered":"<p>Vahti ry, Vantaan Asunnottomien Hyvinvoinnin Tuki ry, kahvilan avajaiset 1.4. olivat menestys. V\u00e4ke\u00e4 k\u00e4vi runsaasti ja toiminnan aloittamista kiiteltiin.<\/p>\n<p>Vahdin kahvila toimii kolmena p\u00e4iv\u00e4n\u00e4 viikossa maanantaisin, keskiviikkoisin ja perjantaisin klo 9.00-14.00. Paikka on Minttukirkko, Minttutie 20 Tikkurila.<br \/>\nKahvilaan on matala kynnys, tarjolla on puuroa ja kahvia tai teet\u00e4, vapaaehtoisella maksulla.<br \/>\n<div id=\"attachment_1164\" style=\"width: 310px\" class=\"wp-caption aligncenter\"><a href=\"\/wp-content\/uploads\/sites\/31\/2013\/04\/Vahti-kahvila-kuva-2-3.4.2013.jpg\"><img loading=\"lazy\" decoding=\"async\" aria-describedby=\"caption-attachment-1164\" src=\"\/wp-content\/uploads\/sites\/31\/2013\/04\/Vahti-kahvila-kuva-2-3.4.2013-300x225.jpg\" alt=\"\" title=\"Vahti kahvila kuva 2 3.4.2013\" width=\"300\" height=\"225\" class=\"size-medium wp-image-1164\" srcset=\"https:\/\/www.asukkaidenvantaa.fi\/wp-content\/uploads\/sites\/31\/2013\/04\/Vahti-kahvila-kuva-2-3.4.2013-300x225.jpg 300w, https:\/\/www.asukkaidenvantaa.fi\/wp-content\/uploads\/sites\/31\/2013\/04\/Vahti-kahvila-kuva-2-3.4.2013-1024x768.jpg 1024w\" sizes=\"auto, (max-width: 300px) 100vw, 300px\" \/><\/a><p id=\"caption-attachment-1164\" class=\"wp-caption-text\">Kuvassa Vahti ry:n puheenjohtaja Jarno Eskelinen oikealla kyselem\u00e4ss\u00e4 josko puuro maistuisi.<\/p><\/div>\nKahvilan yhteyteen on tarkoitus my\u00f6hemm\u00e4ss\u00e4 vaiheessa saada my\u00f6s ruokatarvikkeiden jakelua. Vahti ry valmistelee parhaillaan toimintaan soveltuvan kuljetuskaluston hankintaa. Monien ruokatarvikkeiden, kuten einesten jakelu tarvitsee  katkeamattoman kylm\u00e4kuljetuksen.<br \/>\nVahdin kahvila toimii vapaaehtoisvoimin. Jos t\u00e4m\u00e4ntyyppinen vapaaehtoisty\u00f6 ja auttaminen kiinnostaa niin ilmoittaudu mukaan. Yhteystiedot ja lis\u00e4\u00e4 tietoa l\u00f6ytyy VAHTI ry:n kotisivulta <a href=\"http:\/\/www.vahti.info\">www.vahti.info<\/a><br \/>\n<div id=\"attachment_1166\" style=\"width: 310px\" class=\"wp-caption aligncenter\"><a href=\"\/wp-content\/uploads\/sites\/31\/2013\/04\/Vahti-kahvila-3.4.2013.jpg\"><img loading=\"lazy\" decoding=\"async\" aria-describedby=\"caption-attachment-1166\" src=\"\/wp-content\/uploads\/sites\/31\/2013\/04\/Vahti-kahvila-3.4.2013-300x225.jpg\" alt=\"\" title=\"Vahti kahvila 3.4.2013\" width=\"300\" height=\"225\" class=\"size-medium wp-image-1166\" srcset=\"https:\/\/www.asukkaidenvantaa.fi\/wp-content\/uploads\/sites\/31\/2013\/04\/Vahti-kahvila-3.4.2013-300x225.jpg 300w, https:\/\/www.asukkaidenvantaa.fi\/wp-content\/uploads\/sites\/31\/2013\/04\/Vahti-kahvila-3.4.2013-1024x768.jpg 1024w\" sizes=\"auto, (max-width: 300px) 100vw, 300px\" \/><\/a><p id=\"caption-attachment-1166\" class=\"wp-caption-text\">Kuulumisten vaihtoa VAHTI ry:n kahvilassa aamup\u00e4iv\u00e4ll\u00e4 3.4.2013<\/p><\/div>\n","protected":false},"excerpt":{"rendered":"<p>Vahti ry, Vantaan Asunnottomien Hyvinvoinnin Tuki ry, kahvilan avajaiset 1.4. olivat menestys. V\u00e4ke\u00e4 k\u00e4vi runsaasti ja toiminnan aloittamista kiiteltiin. Vahdin kahvila toimii kolmena p\u00e4iv\u00e4n\u00e4 viikossa maanantaisin, keskiviikkoisin ja perjantaisin klo 9.00-14.00. Paikka on Minttukirkko, Minttutie 20 Tikkurila. Kahvilaan on matala kynnys, tarjolla on puuroa ja kahvia tai teet\u00e4, vapaaehtoisella maksulla. Kahvilan yhteyteen on tarkoitus my\u00f6hemm\u00e4ss\u00e4&hellip;<\/p>\n<p class=\"more-link-p\"><a class=\"more-link\" href=\"https:\/\/www.asukkaidenvantaa.fi\/?p=1163\">Lue lis\u00e4\u00e4 \u2192<\/a><\/p>\n","protected":false},"author":5003,"featured_media":0,"comment_status":"open","ping_status":"open","sticky":false,"template":"","format":"standard","meta":{"footnotes":""},"categories":[1],"tags":[169,172,170,171],"class_list":["post-1163","post","type-post","status-publish","format-standard","hentry","category-uncategorized","tag-aamupuuro","tag-eines","tag-kahvila","tag-vapaaehtoinen"],"_links":{"self":[{"href":"https:\/\/www.asukkaidenvantaa.fi\/index.php?rest_route=\/wp\/v2\/posts\/1163","targetHints":{"allow":["GET"]}}],"collection":[{"href":"https:\/\/www.asukkaidenvantaa.fi\/index.php?rest_route=\/wp\/v2\/posts"}],"about":[{"href":"https:\/\/www.asukkaidenvantaa.fi\/index.php?rest_route=\/wp\/v2\/types\/post"}],"author":[{"embeddable":true,"href":"https:\/\/www.asukkaidenvantaa.fi\/index.php?rest_route=\/wp\/v2\/users\/5003"}],"replies":[{"embeddable":true,"href":"https:\/\/www.asukkaidenvantaa.fi\/index.php?rest_route=%2Fwp%2Fv2%2Fcomments&post=1163"}],"version-history":[{"count":3,"href":"https:\/\/www.asukkaidenvantaa.fi\/index.php?rest_route=\/wp\/v2\/posts\/1163\/revisions"}],"predecessor-version":[{"id":1168,"href":"https:\/\/www.asukkaidenvantaa.fi\/index.php?rest_route=\/wp\/v2\/posts\/1163\/revisions\/1168"}],"wp:attachment":[{"href":"https:\/\/www.asukkaidenvantaa.fi\/index.php?rest_route=%2Fwp%2Fv2%2Fmedia&parent=1163"}],"wp:term":[{"taxonomy":"category","embeddable":true,"href":"https:\/\/www.asukkaidenvantaa.fi\/index.php?rest_route=%2Fwp%2Fv2%2Fcategories&post=1163"},{"taxonomy":"post_tag","embeddable":true,"href":"https:\/\/www.asukkaidenvantaa.fi\/index.php?rest_route=%2Fwp%2Fv2%2Ftags&post=1163"}],"curies":[{"name":"wp","href":"https:\/\/api.w.org\/{rel}","templated":true}]}}