{"id":1141,"date":"2013-03-28T09:39:11","date_gmt":"2013-03-28T09:39:11","guid":{"rendered":"http:\/\/www.asukkaidenvantaa.fi\/?p=1141"},"modified":"2013-03-28T10:06:35","modified_gmt":"2013-03-28T10:06:35","slug":"vantaan-rauhanpuolustajien-puheenjohtajana-jatkaa-juha-kovanen","status":"publish","type":"post","link":"https:\/\/www.asukkaidenvantaa.fi\/?p=1141","title":{"rendered":"Vantaan Rauhanpuolustajien puheenjohtajana jatkaa Juha Kovanen"},"content":{"rendered":"<p>Vantaan Rauhanpuolustajien vuosikokouksessa   <div id=\"attachment_1142\" style=\"width: 160px\" class=\"wp-caption alignright\"><a href=\"\/wp-content\/uploads\/sites\/31\/2013\/03\/10.4.2012-lasit-p\u00e4\u00e4ss\u00e4.jpg\"><img loading=\"lazy\" decoding=\"async\" aria-describedby=\"caption-attachment-1142\" src=\"\/wp-content\/uploads\/sites\/31\/2013\/03\/10.4.2012-lasit-p\u00e4\u00e4ss\u00e4-150x150.jpg\" alt=\"\" title=\"10.4.2012 lasit p\u00e4\u00e4ss\u00e4\" width=\"150\" height=\"150\" class=\"size-thumbnail wp-image-1142\" \/><\/a><p id=\"caption-attachment-1142\" class=\"wp-caption-text\">Juha Kovanen valittiin jatkamaan Vantaan Rauhanpuolustajien puheenjohtajana.<\/p><\/div>\nvalittiin puheenjohtajaksi Juha Kovanen.<br \/>\nToimikunnan muiksi j\u00e4seniksi valittiin Haitham Hanna, Riitta H\u00e4k\u00e4l\u00e4, Riitta Gyllenberg, Kamal Palani Jafi, Ebba Matinlassi, Erkki Matinlassi ja Unto Nikula.  <\/p>\n<p>Toiminnan painopisteet ovat Rauhan Klubi Silkinportissa Tikkurilassa, osallistuminen Rasisismivapaa Vantaa toimintaan, yhteisty\u00f6 maahanmuuttajien kanssa.<br \/>\nPerinteinen Hiroshiman pommituksen muistotilaisuus j\u00e4rjestet\u00e4\u00e4n 6.8. Veinin Myllyll\u00e4.<br \/>\n<div id=\"attachment_1148\" style=\"width: 310px\" class=\"wp-caption aligncenter\"><a href=\"\/wp-content\/uploads\/sites\/31\/2013\/03\/Omat-kuvat-3-2012-071.jpg\"><img loading=\"lazy\" decoding=\"async\" aria-describedby=\"caption-attachment-1148\" src=\"\/wp-content\/uploads\/sites\/31\/2013\/03\/Omat-kuvat-3-2012-071-300x225.jpg\" alt=\"\" title=\"Omat kuvat 3-2012 071\" width=\"300\" height=\"225\" class=\"size-medium wp-image-1148\" srcset=\"https:\/\/www.asukkaidenvantaa.fi\/wp-content\/uploads\/sites\/31\/2013\/03\/Omat-kuvat-3-2012-071-300x225.jpg 300w, https:\/\/www.asukkaidenvantaa.fi\/wp-content\/uploads\/sites\/31\/2013\/03\/Omat-kuvat-3-2012-071-1024x768.jpg 1024w\" sizes=\"auto, (max-width: 300px) 100vw, 300px\" \/><\/a><p id=\"caption-attachment-1148\" class=\"wp-caption-text\">Kuvassa Hiroshiman pommituksen uhrien muistotilaisuuden osanottajia 6.8.2012 Veinin Myllyll\u00e4 Tikkurilassa.<\/p><\/div>\n<div id=\"attachment_1152\" style=\"width: 235px\" class=\"wp-caption aligncenter\"><a href=\"\/wp-content\/uploads\/sites\/31\/2013\/03\/Omat-kuvat-3-2012-067.jpg\"><img loading=\"lazy\" decoding=\"async\" aria-describedby=\"caption-attachment-1152\" src=\"\/wp-content\/uploads\/sites\/31\/2013\/03\/Omat-kuvat-3-2012-067-225x300.jpg\" alt=\"\" title=\"Omat kuvat 3-2012 067\" width=\"225\" height=\"300\" class=\"size-medium wp-image-1152\" srcset=\"https:\/\/www.asukkaidenvantaa.fi\/wp-content\/uploads\/sites\/31\/2013\/03\/Omat-kuvat-3-2012-067-225x300.jpg 225w, https:\/\/www.asukkaidenvantaa.fi\/wp-content\/uploads\/sites\/31\/2013\/03\/Omat-kuvat-3-2012-067-768x1024.jpg 768w, https:\/\/www.asukkaidenvantaa.fi\/wp-content\/uploads\/sites\/31\/2013\/03\/Omat-kuvat-3-2012-067.jpg 1920w\" sizes=\"auto, (max-width: 225px) 100vw, 225px\" \/><\/a><p id=\"caption-attachment-1152\" class=\"wp-caption-text\">Hiroshiman muistotilaisuudessa 6.8.2012 Riitta Gyllenb\u00f6gel esitti tekem\u00e4ns\u00e4 laulun Koskaan en\u00e4\u00e4 \u00e4lk\u00e4\u00e4. T\u00e4ss\u00e4 linkki lauluun      http:\/\/youtu.be\/khLnjzPla-A<\/p><\/div>\n","protected":false},"excerpt":{"rendered":"<p>Vantaan Rauhanpuolustajien vuosikokouksessa valittiin puheenjohtajaksi Juha Kovanen. Toimikunnan muiksi j\u00e4seniksi valittiin Haitham Hanna, Riitta H\u00e4k\u00e4l\u00e4, Riitta Gyllenberg, Kamal Palani Jafi, Ebba Matinlassi, Erkki Matinlassi ja Unto Nikula. Toiminnan painopisteet ovat Rauhan Klubi Silkinportissa Tikkurilassa, osallistuminen Rasisismivapaa Vantaa toimintaan, yhteisty\u00f6 maahanmuuttajien kanssa. Perinteinen Hiroshiman pommituksen muistotilaisuus j\u00e4rjestet\u00e4\u00e4n 6.8. Veinin Myllyll\u00e4.<\/p>\n<p class=\"more-link-p\"><a class=\"more-link\" href=\"https:\/\/www.asukkaidenvantaa.fi\/?p=1141\">Lue lis\u00e4\u00e4 \u2192<\/a><\/p>\n","protected":false},"author":5003,"featured_media":0,"comment_status":"open","ping_status":"open","sticky":false,"template":"","format":"standard","meta":{"footnotes":""},"categories":[1],"tags":[167,168,93,166],"class_list":["post-1141","post","type-post","status-publish","format-standard","hentry","category-uncategorized","tag-hiroshiman-pommitus","tag-rauhan-klubi","tag-rauhanpuolustajat","tag-vuosikokous"],"_links":{"self":[{"href":"https:\/\/www.asukkaidenvantaa.fi\/index.php?rest_route=\/wp\/v2\/posts\/1141","targetHints":{"allow":["GET"]}}],"collection":[{"href":"https:\/\/www.asukkaidenvantaa.fi\/index.php?rest_route=\/wp\/v2\/posts"}],"about":[{"href":"https:\/\/www.asukkaidenvantaa.fi\/index.php?rest_route=\/wp\/v2\/types\/post"}],"author":[{"embeddable":true,"href":"https:\/\/www.asukkaidenvantaa.fi\/index.php?rest_route=\/wp\/v2\/users\/5003"}],"replies":[{"embeddable":true,"href":"https:\/\/www.asukkaidenvantaa.fi\/index.php?rest_route=%2Fwp%2Fv2%2Fcomments&post=1141"}],"version-history":[{"count":16,"href":"https:\/\/www.asukkaidenvantaa.fi\/index.php?rest_route=\/wp\/v2\/posts\/1141\/revisions"}],"predecessor-version":[{"id":1162,"href":"https:\/\/www.asukkaidenvantaa.fi\/index.php?rest_route=\/wp\/v2\/posts\/1141\/revisions\/1162"}],"wp:attachment":[{"href":"https:\/\/www.asukkaidenvantaa.fi\/index.php?rest_route=%2Fwp%2Fv2%2Fmedia&parent=1141"}],"wp:term":[{"taxonomy":"category","embeddable":true,"href":"https:\/\/www.asukkaidenvantaa.fi\/index.php?rest_route=%2Fwp%2Fv2%2Fcategories&post=1141"},{"taxonomy":"post_tag","embeddable":true,"href":"https:\/\/www.asukkaidenvantaa.fi\/index.php?rest_route=%2Fwp%2Fv2%2Ftags&post=1141"}],"curies":[{"name":"wp","href":"https:\/\/api.w.org\/{rel}","templated":true}]}}