{"id":1124,"date":"2013-03-25T12:33:51","date_gmt":"2013-03-25T12:33:51","guid":{"rendered":"http:\/\/www.asukkaidenvantaa.fi\/?p=1124"},"modified":"2013-03-26T05:52:05","modified_gmt":"2013-03-26T05:52:05","slug":"earth-hour-ei-nakynyt-vantaalaisten-sahkon-kulutuksessa","status":"publish","type":"post","link":"https:\/\/www.asukkaidenvantaa.fi\/?p=1124","title":{"rendered":"Earth Hour, ei n\u00e4kynyt vantaalaisten s\u00e4hk\u00f6n kulutuksessa"},"content":{"rendered":"<p><strong>Lauantaina 23.3. vietettiin j\u00e4lleen kansainv\u00e4list\u00e4 Earth Hour tapahtumaa.<\/strong> Suomeksi Maan Tunniksi nimetyss\u00e4 ilmastotapahtumassa sammutetaan valot tunniksi klo 20.30-21.30.<\/p>\n<p>Vantaan Energian mukaan kulutuksen muutos Vantaalla oli niin pieni, ett\u00e4 sit\u00e4 on vaikea arvioida<\/p>\n<p>Vantaalaisista julkisyhteis\u00f6ist\u00e4 mm. Vantaan seurakunnat ja kauppakeskus Myyrmanni osallistuivat tapahtumaan.<br \/>\nLis\u00e4ksi Myyrm\u00e4en Paalutorilla j\u00e4rjestettiin Earth Hour tapahtuma.<br \/>\nPaalutorin ymp\u00e4rist\u00f6n rakennuksista Myyrmannista, Myyrm\u00e4kitalosta, Kilterin koulusta ja Myyrm\u00e4en terveys- ja sosiaalikeskuksesta sammutettiin valot.<br \/>\n<div id=\"attachment_1126\" style=\"width: 237px\" class=\"wp-caption aligncenter\"><a href=\"\/wp-content\/uploads\/sites\/31\/2013\/03\/earth-hour.jpeg\"><img loading=\"lazy\" decoding=\"async\" aria-describedby=\"caption-attachment-1126\" src=\"\/wp-content\/uploads\/sites\/31\/2013\/03\/earth-hour.jpeg\" alt=\"\" title=\"earth hour\" width=\"227\" height=\"222\" class=\"size-full wp-image-1126\" \/><\/a><p id=\"caption-attachment-1126\" class=\"wp-caption-text\">Kansainv\u00e4lisen Earth Hour tempauksen tunnus. Tempauksessa sammutetaan s\u00e4hk\u00f6t tunnin ajaksi,  Eiffel tornia Pariisissa on n\u00e4ytetty esimerkkin\u00e4. Vantaalla tapahtumaa tehtiin tunnetuksi Myyrm\u00e4ess\u00e4, Paalutorilla.<\/p><\/div>\n<p>Tapahtumalla yritet\u00e4\u00e4n kiinnitt\u00e4\u00e4 ihmisten huomiota ilmasto-asioihin ja energian s\u00e4\u00e4st\u00f6\u00f6n. S\u00e4\u00e4st\u00e4m\u00e4ll\u00e4 energiaa vaikutetaan energiavarojen riitt\u00e4vyyteen ja my\u00f6skin saasteiden m\u00e4\u00e4r\u00e4\u00e4n. Kulutuksen v\u00e4hent\u00e4minen vaatii muitakin toimia kuin ihmisten k\u00e4ytt\u00e4ytymisen muutosta. Laitteiden ja teollisuusprosessien kehitt\u00e4minen v\u00e4hemm\u00e4n energiaa kuluttaviksi ovat t\u00e4rke\u00e4ss\u00e4 roolissa. Mutta ei pid\u00e4 v\u00e4heksy\u00e4 itse kunkin mahdollisuutta vaikuttaa asiaan.<br \/>\n<div id=\"attachment_1137\" style=\"width: 1510px\" class=\"wp-caption aligncenter\"><a href=\"\/wp-content\/uploads\/sites\/31\/2013\/03\/Earth-Hour-Paalutori-2013-2.jpg\"><img loading=\"lazy\" decoding=\"async\" aria-describedby=\"caption-attachment-1137\" src=\"\/wp-content\/uploads\/sites\/31\/2013\/03\/Earth-Hour-Paalutori-2013-2.jpg\" alt=\"\" title=\"Earth Hour Paalutori 2013-2\" width=\"1500\" height=\"1000\" class=\"size-full wp-image-1137\" \/><\/a><p id=\"caption-attachment-1137\" class=\"wp-caption-text\">Myyrmanni oli mukana Earth Hour tapahtumassa 23.3. L\u00e4hes kaikki mainosvalot sammutettuina.<\/p><\/div>\n<div id=\"attachment_1139\" style=\"width: 1010px\" class=\"wp-caption aligncenter\"><a href=\"\/wp-content\/uploads\/sites\/31\/2013\/03\/Earth-Hour-Paalutori-2013-5.jpg\"><img loading=\"lazy\" decoding=\"async\" aria-describedby=\"caption-attachment-1139\" src=\"\/wp-content\/uploads\/sites\/31\/2013\/03\/Earth-Hour-Paalutori-2013-5.jpg\" alt=\"\" title=\"Earth Hour Paalutori 2013-5\" width=\"1000\" height=\"1500\" class=\"size-full wp-image-1139\" \/><\/a><p id=\"caption-attachment-1139\" class=\"wp-caption-text\">Myyrm\u00e4en Paalutorin Earth Hour tapahtumassa tulitemput loistivat upeasti kun ymp\u00e4rist\u00f6n rakennuksista oli tunnin ajaksi sammutettu valot.<\/p><\/div>\n","protected":false},"excerpt":{"rendered":"<p>Lauantaina 23.3. vietettiin j\u00e4lleen kansainv\u00e4list\u00e4 Earth Hour tapahtumaa. Suomeksi Maan Tunniksi nimetyss\u00e4 ilmastotapahtumassa sammutetaan valot tunniksi klo 20.30-21.30. Vantaan Energian mukaan kulutuksen muutos Vantaalla oli niin pieni, ett\u00e4 sit\u00e4 on vaikea arvioida Vantaalaisista julkisyhteis\u00f6ist\u00e4 mm. Vantaan seurakunnat ja kauppakeskus Myyrmanni osallistuivat tapahtumaan. Lis\u00e4ksi Myyrm\u00e4en Paalutorilla j\u00e4rjestettiin Earth Hour tapahtuma. Paalutorin ymp\u00e4rist\u00f6n rakennuksista Myyrmannista, Myyrm\u00e4kitalosta, Kilterin&hellip;<\/p>\n<p class=\"more-link-p\"><a class=\"more-link\" href=\"https:\/\/www.asukkaidenvantaa.fi\/?p=1124\">Lue lis\u00e4\u00e4 \u2192<\/a><\/p>\n","protected":false},"author":5003,"featured_media":0,"comment_status":"open","ping_status":"open","sticky":false,"template":"","format":"standard","meta":{"footnotes":""},"categories":[1],"tags":[],"class_list":["post-1124","post","type-post","status-publish","format-standard","hentry","category-uncategorized"],"_links":{"self":[{"href":"https:\/\/www.asukkaidenvantaa.fi\/index.php?rest_route=\/wp\/v2\/posts\/1124","targetHints":{"allow":["GET"]}}],"collection":[{"href":"https:\/\/www.asukkaidenvantaa.fi\/index.php?rest_route=\/wp\/v2\/posts"}],"about":[{"href":"https:\/\/www.asukkaidenvantaa.fi\/index.php?rest_route=\/wp\/v2\/types\/post"}],"author":[{"embeddable":true,"href":"https:\/\/www.asukkaidenvantaa.fi\/index.php?rest_route=\/wp\/v2\/users\/5003"}],"replies":[{"embeddable":true,"href":"https:\/\/www.asukkaidenvantaa.fi\/index.php?rest_route=%2Fwp%2Fv2%2Fcomments&post=1124"}],"version-history":[{"count":13,"href":"https:\/\/www.asukkaidenvantaa.fi\/index.php?rest_route=\/wp\/v2\/posts\/1124\/revisions"}],"predecessor-version":[{"id":1138,"href":"https:\/\/www.asukkaidenvantaa.fi\/index.php?rest_route=\/wp\/v2\/posts\/1124\/revisions\/1138"}],"wp:attachment":[{"href":"https:\/\/www.asukkaidenvantaa.fi\/index.php?rest_route=%2Fwp%2Fv2%2Fmedia&parent=1124"}],"wp:term":[{"taxonomy":"category","embeddable":true,"href":"https:\/\/www.asukkaidenvantaa.fi\/index.php?rest_route=%2Fwp%2Fv2%2Fcategories&post=1124"},{"taxonomy":"post_tag","embeddable":true,"href":"https:\/\/www.asukkaidenvantaa.fi\/index.php?rest_route=%2Fwp%2Fv2%2Ftags&post=1124"}],"curies":[{"name":"wp","href":"https:\/\/api.w.org\/{rel}","templated":true}]}}