{"id":1114,"date":"2013-03-23T14:09:08","date_gmt":"2013-03-23T14:09:08","guid":{"rendered":"http:\/\/www.asukkaidenvantaa.fi\/?p=1114"},"modified":"2013-03-23T14:14:09","modified_gmt":"2013-03-23T14:14:09","slug":"kehysriihi-kavi-kalliiksi-vantaan-kaupungille-ja-useimmille-kaupunkilaisille","status":"publish","type":"post","link":"https:\/\/www.asukkaidenvantaa.fi\/?p=1114","title":{"rendered":"Kehysriihi k\u00e4vi kalliiksi Vantaan kaupungille ja useimmille kaupunkilaisille"},"content":{"rendered":"<p><strong>Vantaan kaupungin menot lis\u00e4\u00e4ntyv\u00e4t maan hallituksen puoliv\u00e4litarkistuksen ja kehysriihen p\u00e4\u00e4t\u00f6sten vuoksi useita miljoonia euroja.<\/strong><br \/>\nTy\u00f6markkinatuen vastuunjaon muutos kuntien tappioksi aiheuttaa Vantaalle arviolta 8 miljoonan lis\u00e4kulut.<br \/>\nYhteis\u00f6veron lasku (yhti\u00f6iden voitostaan maksama vero) vienee Vantaalta noin 2 milj eur.<br \/>\nValtionavun leikkaukset tuovat kassaan noin kolme miljoonaa v\u00e4hemm\u00e4n rahaa kuin t\u00e4n\u00e4 vuonna.<br \/>\nKun jo aiemmin p\u00e4\u00e4tetty TVO, talous ja velkaohjelma, leikkaa 40 milj.eur ja nyt n\u00e4m\u00e4 uudet leikkaukset, niin eip\u00e4 ole vantaalaisilla hyv\u00e4\u00e4 odotettavissa.<br \/>\nYlen uutisten haastattelussa, koskien kehysriihen p\u00e4\u00e4t\u00f6ksi\u00e4, kaupunginjohtaja Nenonen v\u00e4l\u00e4ytteli jo veronkorotusta.<\/p>\n<div id=\"attachment_1118\" style=\"width: 277px\" class=\"wp-caption aligncenter\"><a href=\"\/wp-content\/uploads\/sites\/31\/2013\/03\/Riihi-2.jpg\"><img loading=\"lazy\" decoding=\"async\" aria-describedby=\"caption-attachment-1118\" src=\"\/wp-content\/uploads\/sites\/31\/2013\/03\/Riihi-2.jpg\" alt=\"\" title=\"Riihi 2\" width=\"267\" height=\"189\" class=\"size-full wp-image-1118\" \/><\/a><p id=\"caption-attachment-1118\" class=\"wp-caption-text\">Vantaan kaupunki ja useimmat kaupunkilaiset tuntevat varstan iskut kipe\u00e4sti sel\u00e4ss\u00e4\u00e4n, sellaisia olivat maan hallituksen 21.3.2013 kehysriihess\u00e4 tekem\u00e4t p\u00e4\u00e4t\u00f6kset.<\/p><\/div>\n<p>Yritykset \u00e4imistyiv\u00e4t itsekin verojensa huomattavasta laskusta. Veroprosentti aleni 24,5 %:sta 20,0 %:iin.<br \/>\nListaamattomien yhti\u00f6iden omistajat saavat edelleen osinkonsa todella pienell\u00e4 verolla 7-8%:lla. Aiempi s\u00e4\u00e4nn\u00f6s verovapaan osingon 60 000 euron katosta poistettiin. Jos varallisuus riitt\u00e4\u00e4 osinkoa voi nostaa 8 %:n verolla vaikka miljoonia.<br \/>\nListattujen yhti\u00f6iden osingon veroprosentti nousee 30 %:iin, kun se nyt on verottoman osuuden ansiosta todellisuudessa 21 %.<\/p>\n","protected":false},"excerpt":{"rendered":"<p>Vantaan kaupungin menot lis\u00e4\u00e4ntyv\u00e4t maan hallituksen puoliv\u00e4litarkistuksen ja kehysriihen p\u00e4\u00e4t\u00f6sten vuoksi useita miljoonia euroja. Ty\u00f6markkinatuen vastuunjaon muutos kuntien tappioksi aiheuttaa Vantaalle arviolta 8 miljoonan lis\u00e4kulut. Yhteis\u00f6veron lasku (yhti\u00f6iden voitostaan maksama vero) vienee Vantaalta noin 2 milj eur. Valtionavun leikkaukset tuovat kassaan noin kolme miljoonaa v\u00e4hemm\u00e4n rahaa kuin t\u00e4n\u00e4 vuonna. Kun jo aiemmin p\u00e4\u00e4tetty TVO, talous&hellip;<\/p>\n<p class=\"more-link-p\"><a class=\"more-link\" href=\"https:\/\/www.asukkaidenvantaa.fi\/?p=1114\">Lue lis\u00e4\u00e4 \u2192<\/a><\/p>\n","protected":false},"author":5003,"featured_media":0,"comment_status":"open","ping_status":"open","sticky":false,"template":"","format":"standard","meta":{"footnotes":""},"categories":[1],"tags":[],"class_list":["post-1114","post","type-post","status-publish","format-standard","hentry","category-uncategorized"],"_links":{"self":[{"href":"https:\/\/www.asukkaidenvantaa.fi\/index.php?rest_route=\/wp\/v2\/posts\/1114","targetHints":{"allow":["GET"]}}],"collection":[{"href":"https:\/\/www.asukkaidenvantaa.fi\/index.php?rest_route=\/wp\/v2\/posts"}],"about":[{"href":"https:\/\/www.asukkaidenvantaa.fi\/index.php?rest_route=\/wp\/v2\/types\/post"}],"author":[{"embeddable":true,"href":"https:\/\/www.asukkaidenvantaa.fi\/index.php?rest_route=\/wp\/v2\/users\/5003"}],"replies":[{"embeddable":true,"href":"https:\/\/www.asukkaidenvantaa.fi\/index.php?rest_route=%2Fwp%2Fv2%2Fcomments&post=1114"}],"version-history":[{"count":7,"href":"https:\/\/www.asukkaidenvantaa.fi\/index.php?rest_route=\/wp\/v2\/posts\/1114\/revisions"}],"predecessor-version":[{"id":1123,"href":"https:\/\/www.asukkaidenvantaa.fi\/index.php?rest_route=\/wp\/v2\/posts\/1114\/revisions\/1123"}],"wp:attachment":[{"href":"https:\/\/www.asukkaidenvantaa.fi\/index.php?rest_route=%2Fwp%2Fv2%2Fmedia&parent=1114"}],"wp:term":[{"taxonomy":"category","embeddable":true,"href":"https:\/\/www.asukkaidenvantaa.fi\/index.php?rest_route=%2Fwp%2Fv2%2Fcategories&post=1114"},{"taxonomy":"post_tag","embeddable":true,"href":"https:\/\/www.asukkaidenvantaa.fi\/index.php?rest_route=%2Fwp%2Fv2%2Ftags&post=1114"}],"curies":[{"name":"wp","href":"https:\/\/api.w.org\/{rel}","templated":true}]}}