{"id":1101,"date":"2013-03-22T07:53:31","date_gmt":"2013-03-22T07:53:31","guid":{"rendered":"http:\/\/www.asukkaidenvantaa.fi\/?p=1101"},"modified":"2013-03-22T08:19:31","modified_gmt":"2013-03-22T08:19:31","slug":"rasismivapaa-vantaa","status":"publish","type":"post","link":"https:\/\/www.asukkaidenvantaa.fi\/?p=1101","title":{"rendered":"Rasismivapaa Vantaa"},"content":{"rendered":"<p><strong>Torstaina 21.3.2013 vietettiin kansainv\u00e4list\u00e4 rasismivapaata p\u00e4iv\u00e4\u00e4.<\/strong> N\u00e4iss\u00e4 merkeiss\u00e4 j\u00e4rjestettiin my\u00f6s Rasismivapaa Vantaa tapahtuma Tikkurilassa Tikkuraitilla. Hyiseen viimaan oli oli rakennettu esiintymislava katsomoineen. Kylm\u00e4st\u00e4 huolimatta tapahtumaa seurasi vaihtuva joukko ohikulkijoita.<\/p>\n<p>Tilaisuuden avasi Vantaan apulaiskaupunginjohtaja Heidi Nygren. Ohjelmasta vastasivat p\u00e4\u00e4asiassa maahanmuuttajataustaiset esiintyj\u00e4t ja esiintyj\u00e4ryhm\u00e4t.<br \/>\n<div id=\"attachment_1102\" style=\"width: 310px\" class=\"wp-caption alignnone\"><a href=\"\/wp-content\/uploads\/sites\/31\/2013\/03\/Rasismivapaa-Vantaa-21.3.2013-003.jpg\"><img loading=\"lazy\" decoding=\"async\" aria-describedby=\"caption-attachment-1102\" src=\"\/wp-content\/uploads\/sites\/31\/2013\/03\/Rasismivapaa-Vantaa-21.3.2013-003-300x225.jpg\" alt=\"\" title=\"Rasismivapaa Vantaa 21.3.2013 003\" width=\"300\" height=\"225\" class=\"size-medium wp-image-1102\" srcset=\"https:\/\/www.asukkaidenvantaa.fi\/wp-content\/uploads\/sites\/31\/2013\/03\/Rasismivapaa-Vantaa-21.3.2013-003-300x225.jpg 300w, https:\/\/www.asukkaidenvantaa.fi\/wp-content\/uploads\/sites\/31\/2013\/03\/Rasismivapaa-Vantaa-21.3.2013-003-1024x768.jpg 1024w\" sizes=\"auto, (max-width: 300px) 100vw, 300px\" \/><\/a><p id=\"caption-attachment-1102\" class=\"wp-caption-text\">Vantaan kaupungin tervehdyksen Rasismivapaa Vantaa tilaisuuteen toi apulaiskaupunginjohtaja Heidi Nygren joka on kuvassa tilaisuuden juontajan  Ali Jahangirin haastateltavana.<\/p><\/div>\n<div id=\"attachment_1105\" style=\"width: 235px\" class=\"wp-caption alignnone\"><a href=\"\/wp-content\/uploads\/sites\/31\/2013\/03\/Rasismivapaa-Vantaa-21.3.2013-007.jpg\"><img loading=\"lazy\" decoding=\"async\" aria-describedby=\"caption-attachment-1105\" src=\"\/wp-content\/uploads\/sites\/31\/2013\/03\/Rasismivapaa-Vantaa-21.3.2013-007-225x300.jpg\" alt=\"\" title=\"Rasismivapaa Vantaa 21.3.2013 007\" width=\"225\" height=\"300\" class=\"size-medium wp-image-1105\" srcset=\"https:\/\/www.asukkaidenvantaa.fi\/wp-content\/uploads\/sites\/31\/2013\/03\/Rasismivapaa-Vantaa-21.3.2013-007-225x300.jpg 225w, https:\/\/www.asukkaidenvantaa.fi\/wp-content\/uploads\/sites\/31\/2013\/03\/Rasismivapaa-Vantaa-21.3.2013-007-768x1024.jpg 768w, https:\/\/www.asukkaidenvantaa.fi\/wp-content\/uploads\/sites\/31\/2013\/03\/Rasismivapaa-Vantaa-21.3.2013-007.jpg 1920w\" sizes=\"auto, (max-width: 225px) 100vw, 225px\" \/><\/a><p id=\"caption-attachment-1105\" class=\"wp-caption-text\">Mouhammed Bangouran rumpusoolot kajahtivat Rasismivapaa Vantaa tapahtumassa.<\/p><\/div>\n<div id=\"attachment_1106\" style=\"width: 310px\" class=\"wp-caption alignnone\"><a href=\"\/wp-content\/uploads\/sites\/31\/2013\/03\/Rasismivapaa-Vantaa-21.3.2013-008.jpg\"><img loading=\"lazy\" decoding=\"async\" aria-describedby=\"caption-attachment-1106\" src=\"\/wp-content\/uploads\/sites\/31\/2013\/03\/Rasismivapaa-Vantaa-21.3.2013-008-300x225.jpg\" alt=\"\" title=\"Rasismivapaa Vantaa 21.3.2013 008\" width=\"300\" height=\"225\" class=\"size-medium wp-image-1106\" srcset=\"https:\/\/www.asukkaidenvantaa.fi\/wp-content\/uploads\/sites\/31\/2013\/03\/Rasismivapaa-Vantaa-21.3.2013-008-300x225.jpg 300w, https:\/\/www.asukkaidenvantaa.fi\/wp-content\/uploads\/sites\/31\/2013\/03\/Rasismivapaa-Vantaa-21.3.2013-008-1024x768.jpg 1024w\" sizes=\"auto, (max-width: 300px) 100vw, 300px\" \/><\/a><p id=\"caption-attachment-1106\" class=\"wp-caption-text\">Monikanaiset ry oli saanut houkuteltua tanssiryhm\u00e4\u00e4ns\u00e4 yhden miehenkin. Ryhm\u00e4 esiintyi hyisell\u00e4 Tikkuraitilla Rasismivapaa Vantaa tapahtumassa.<\/p><\/div>\n<div id=\"attachment_1111\" style=\"width: 310px\" class=\"wp-caption alignnone\"><a href=\"\/wp-content\/uploads\/sites\/31\/2013\/03\/Rasismivapaa-Vantaa-21.3.2013-017.jpg\"><img loading=\"lazy\" decoding=\"async\" aria-describedby=\"caption-attachment-1111\" src=\"\/wp-content\/uploads\/sites\/31\/2013\/03\/Rasismivapaa-Vantaa-21.3.2013-017-300x225.jpg\" alt=\"\" title=\"Rasismivapaa Vantaa 21.3.2013 017\" width=\"300\" height=\"225\" class=\"size-medium wp-image-1111\" srcset=\"https:\/\/www.asukkaidenvantaa.fi\/wp-content\/uploads\/sites\/31\/2013\/03\/Rasismivapaa-Vantaa-21.3.2013-017-300x225.jpg 300w, https:\/\/www.asukkaidenvantaa.fi\/wp-content\/uploads\/sites\/31\/2013\/03\/Rasismivapaa-Vantaa-21.3.2013-017-1024x768.jpg 1024w\" sizes=\"auto, (max-width: 300px) 100vw, 300px\" \/><\/a><p id=\"caption-attachment-1111\" class=\"wp-caption-text\">Rasismivapaa Vantaa tilaisuudessa kuultiin my\u00f6s iranilaista tar-musiikkia Hamid Geramin esitt\u00e4m\u00e4n\u00e4, Mouhammed Bangoura s\u00e4esti rummullansa.<\/p><\/div>\n","protected":false},"excerpt":{"rendered":"<p>Torstaina 21.3.2013 vietettiin kansainv\u00e4list\u00e4 rasismivapaata p\u00e4iv\u00e4\u00e4. N\u00e4iss\u00e4 merkeiss\u00e4 j\u00e4rjestettiin my\u00f6s Rasismivapaa Vantaa tapahtuma Tikkurilassa Tikkuraitilla. Hyiseen viimaan oli oli rakennettu esiintymislava katsomoineen. Kylm\u00e4st\u00e4 huolimatta tapahtumaa seurasi vaihtuva joukko ohikulkijoita. Tilaisuuden avasi Vantaan apulaiskaupunginjohtaja Heidi Nygren. Ohjelmasta vastasivat p\u00e4\u00e4asiassa maahanmuuttajataustaiset esiintyj\u00e4t ja esiintyj\u00e4ryhm\u00e4t.<\/p>\n<p class=\"more-link-p\"><a class=\"more-link\" href=\"https:\/\/www.asukkaidenvantaa.fi\/?p=1101\">Lue lis\u00e4\u00e4 \u2192<\/a><\/p>\n","protected":false},"author":5003,"featured_media":1105,"comment_status":"open","ping_status":"open","sticky":false,"template":"","format":"standard","meta":{"footnotes":""},"categories":[1],"tags":[],"class_list":["post-1101","post","type-post","status-publish","format-standard","has-post-thumbnail","hentry","category-uncategorized"],"_links":{"self":[{"href":"https:\/\/www.asukkaidenvantaa.fi\/index.php?rest_route=\/wp\/v2\/posts\/1101","targetHints":{"allow":["GET"]}}],"collection":[{"href":"https:\/\/www.asukkaidenvantaa.fi\/index.php?rest_route=\/wp\/v2\/posts"}],"about":[{"href":"https:\/\/www.asukkaidenvantaa.fi\/index.php?rest_route=\/wp\/v2\/types\/post"}],"author":[{"embeddable":true,"href":"https:\/\/www.asukkaidenvantaa.fi\/index.php?rest_route=\/wp\/v2\/users\/5003"}],"replies":[{"embeddable":true,"href":"https:\/\/www.asukkaidenvantaa.fi\/index.php?rest_route=%2Fwp%2Fv2%2Fcomments&post=1101"}],"version-history":[{"count":8,"href":"https:\/\/www.asukkaidenvantaa.fi\/index.php?rest_route=\/wp\/v2\/posts\/1101\/revisions"}],"predecessor-version":[{"id":1113,"href":"https:\/\/www.asukkaidenvantaa.fi\/index.php?rest_route=\/wp\/v2\/posts\/1101\/revisions\/1113"}],"wp:featuredmedia":[{"embeddable":true,"href":"https:\/\/www.asukkaidenvantaa.fi\/index.php?rest_route=\/wp\/v2\/media\/1105"}],"wp:attachment":[{"href":"https:\/\/www.asukkaidenvantaa.fi\/index.php?rest_route=%2Fwp%2Fv2%2Fmedia&parent=1101"}],"wp:term":[{"taxonomy":"category","embeddable":true,"href":"https:\/\/www.asukkaidenvantaa.fi\/index.php?rest_route=%2Fwp%2Fv2%2Fcategories&post=1101"},{"taxonomy":"post_tag","embeddable":true,"href":"https:\/\/www.asukkaidenvantaa.fi\/index.php?rest_route=%2Fwp%2Fv2%2Ftags&post=1101"}],"curies":[{"name":"wp","href":"https:\/\/api.w.org\/{rel}","templated":true}]}}