{"id":10,"date":"2012-04-11T07:37:39","date_gmt":"2012-04-11T07:37:39","guid":{"rendered":"http:\/\/www.asukkaidenvantaa.fi\/?p=10"},"modified":"2012-04-11T08:12:29","modified_gmt":"2012-04-11T08:12:29","slug":"vvo-peruskorjaa-vantaalla","status":"publish","type":"post","link":"https:\/\/www.asukkaidenvantaa.fi\/?p=10","title":{"rendered":"VVO peruskorjaa Vantaalla"},"content":{"rendered":"<p>VVO aloitti\u00a0toimintansa\u00a01969 ja ensimm\u00e4inen aluerakennusprojekti yhti\u00f6ll\u00e4 oli Vantaalla Malminiityn vuokra-asuntoalue. Alue on jo periaatteessa vapautunut valtion tuella rakennetuille asuintaloille\u00a0asetetustahinnoittelurajoituksista. Tuo aikarajahan on enimmill\u00e4\u00e4n 40 vuotta. Malminiitty\u00e4 on kuitenkin matkan varrella remontoitu useaan otteeseen valtion lainoittamana ja hintas\u00e4\u00e4nn\u00f6stely on jatkunut. Nyt VVO remontoi taas aluetta ja yhti\u00f6 on pyyt\u00e4nyt Valtion asumisen rahoituskeskukselta (ARA) remontoitujen talojen poistamista hintarajoitusten piirist\u00e4. Sopimuksen Malminiityn alueen poistamisesta hintas\u00e4\u00e4ntelyst\u00e4 neuvotteli Vantaan kaupungin puolesta 2010 silloin maank\u00e4yt\u00f6n apulaiskaupunginjohtajana toiminut\u00a0<strong>Jukka Peltom\u00e4ki.<\/strong><\/p>\n<p>VVO siis pyysi,\u00a0kaupunki\u00a0puolsi ja ARA my\u00f6nsi 350 asunnon muuttamista\u00a0vapaarahoitteiseksi\u00a0asunto kohteeksi. Uusi vuokrataso voi alueella nousta jopa 17 euroon neli\u00f6lt\u00e4, kun se Vantaan oman vuokrataloyhti\u00f6n asunnoissa keskim\u00e4\u00e4rin on hieman yli 10 euroa. \u00c4skett\u00e4in ovat julkisuuteen tulleet tiedot VVO:n korkeista vuokrista ja niiden &#8221;selittelyosiossa&#8221; yhti\u00f6n hallituksen puheenjohtaja, Metallity\u00f6v\u00e4en Liiton puheenjohtaja Riku Aalto omistajien &#8211; ammattiliittojen ja el\u00e4kevakuutusyhti\u00f6iden &#8211; ottavan yhti\u00f6n runsaasta voitosta vain osan ulos yhti\u00f6st\u00e4 ja j\u00e4tt\u00e4v\u00e4ns\u00e4 isomman osan varauksiksi tulevia remontteja varten. Nyt VVO-konsernilla on n\u00e4it\u00e4 varauksia noin 240 miljoonaa euroa. N\u00e4it\u00e4 rahoja ei kuitenkaan k\u00e4ytet\u00e4 Malminiityn remontin kustannuksiin, vaan VVO ottaa ulkopuolelta lainaa t\u00e4h\u00e4n tarkoitukseen ja vakuutena t\u00e4lle rahoitukselle asunnot piti\u00a0irrottaaneli\u00f6hintarajoituksista. On syyt\u00e4 olettaa, ett\u00e4 uudet, korkeat vuokrat tulevat osin Vantaan kaupungin veronmaksajien maksettavaksi lis\u00e4\u00e4ntyv\u00e4n asuntotuen tarpeen muodossa.<\/p>\n","protected":false},"excerpt":{"rendered":"<p>VVO aloitti\u00a0toimintansa\u00a01969 ja ensimm\u00e4inen aluerakennusprojekti yhti\u00f6ll\u00e4 oli Vantaalla Malminiityn vuokra-asuntoalue. Alue on jo periaatteessa vapautunut valtion tuella rakennetuille asuintaloille\u00a0asetetustahinnoittelurajoituksista. Tuo aikarajahan on enimmill\u00e4\u00e4n 40 vuotta. Malminiitty\u00e4 on kuitenkin matkan varrella remontoitu useaan otteeseen valtion lainoittamana ja hintas\u00e4\u00e4nn\u00f6stely on jatkunut. Nyt VVO remontoi taas aluetta ja yhti\u00f6 on pyyt\u00e4nyt Valtion asumisen rahoituskeskukselta (ARA) remontoitujen talojen poistamista&hellip;<\/p>\n<p class=\"more-link-p\"><a class=\"more-link\" href=\"https:\/\/www.asukkaidenvantaa.fi\/?p=10\">Lue lis\u00e4\u00e4 \u2192<\/a><\/p>\n","protected":false},"author":5003,"featured_media":18,"comment_status":"open","ping_status":"open","sticky":false,"template":"","format":"standard","meta":{"footnotes":""},"categories":[1],"tags":[8,6,7,5],"class_list":["post-10","post","type-post","status-publish","format-standard","has-post-thumbnail","hentry","category-uncategorized","tag-asuminen","tag-malminiitty","tag-vuokra-asunnot","tag-vvo"],"_links":{"self":[{"href":"https:\/\/www.asukkaidenvantaa.fi\/index.php?rest_route=\/wp\/v2\/posts\/10","targetHints":{"allow":["GET"]}}],"collection":[{"href":"https:\/\/www.asukkaidenvantaa.fi\/index.php?rest_route=\/wp\/v2\/posts"}],"about":[{"href":"https:\/\/www.asukkaidenvantaa.fi\/index.php?rest_route=\/wp\/v2\/types\/post"}],"author":[{"embeddable":true,"href":"https:\/\/www.asukkaidenvantaa.fi\/index.php?rest_route=\/wp\/v2\/users\/5003"}],"replies":[{"embeddable":true,"href":"https:\/\/www.asukkaidenvantaa.fi\/index.php?rest_route=%2Fwp%2Fv2%2Fcomments&post=10"}],"version-history":[{"count":2,"href":"https:\/\/www.asukkaidenvantaa.fi\/index.php?rest_route=\/wp\/v2\/posts\/10\/revisions"}],"predecessor-version":[{"id":19,"href":"https:\/\/www.asukkaidenvantaa.fi\/index.php?rest_route=\/wp\/v2\/posts\/10\/revisions\/19"}],"wp:featuredmedia":[{"embeddable":true,"href":"https:\/\/www.asukkaidenvantaa.fi\/index.php?rest_route=\/wp\/v2\/media\/18"}],"wp:attachment":[{"href":"https:\/\/www.asukkaidenvantaa.fi\/index.php?rest_route=%2Fwp%2Fv2%2Fmedia&parent=10"}],"wp:term":[{"taxonomy":"category","embeddable":true,"href":"https:\/\/www.asukkaidenvantaa.fi\/index.php?rest_route=%2Fwp%2Fv2%2Fcategories&post=10"},{"taxonomy":"post_tag","embeddable":true,"href":"https:\/\/www.asukkaidenvantaa.fi\/index.php?rest_route=%2Fwp%2Fv2%2Ftags&post=10"}],"curies":[{"name":"wp","href":"https:\/\/api.w.org\/{rel}","templated":true}]}}