{"id":4910,"date":"2026-01-15T11:01:42","date_gmt":"2026-01-15T11:01:42","guid":{"rendered":"https:\/\/www.asukkaidenvantaa.fi\/?p=4910"},"modified":"2026-01-15T11:01:42","modified_gmt":"2026-01-15T11:01:42","slug":"luokkasodan-alkamisen-vuosipaivana-hiekkaharjun-muistomerkille","status":"publish","type":"post","link":"http:\/\/www.asukkaidenvantaa.fi\/?p=4910","title":{"rendered":"Luokkasodan alkamisen vuosip\u00e4iv\u00e4n\u00e4 Hiekkaharjun muistomerkille"},"content":{"rendered":"\n<p>Perinteit\u00e4 kunnioittaen kokoonnutaan Vantaan Hiekkaharjuun punaisten muistomerkille                           su 25.1.2026 klo 11 luokkasodan alkamisen vuosip\u00e4iv\u00e4n merkeiss\u00e4. Muistomerkin ymp\u00e4rist\u00f6 on nimetty Punaisten puistoksi ja sijaitsee Urheilutien varressa vastap\u00e4\u00e4t\u00e4 Hiekkaharjun urheilukentt\u00e4\u00e4. Tilaisuuden j\u00e4rjest\u00e4v\u00e4t SKP:n Uudenmaan piirij\u00e4rjest\u00f6 ja SKP:n Vantaan kaupunkij\u00e4rjest\u00f6.                                           <\/p>\n\n\n\n<figure class=\"wp-block-image size-large\"><a href=\"https:\/\/www.asukkaidenvantaa.fi\/wp-content\/uploads\/sites\/31\/2026\/01\/119.jpg\"><img loading=\"lazy\" decoding=\"async\" width=\"1024\" height=\"768\" src=\"https:\/\/www.asukkaidenvantaa.fi\/wp-content\/uploads\/sites\/31\/2026\/01\/119-1024x768.jpg\" alt=\"\" class=\"wp-image-4911\" srcset=\"http:\/\/www.asukkaidenvantaa.fi\/wp-content\/uploads\/sites\/31\/2026\/01\/119-1024x768.jpg 1024w, http:\/\/www.asukkaidenvantaa.fi\/wp-content\/uploads\/sites\/31\/2026\/01\/119-300x225.jpg 300w, http:\/\/www.asukkaidenvantaa.fi\/wp-content\/uploads\/sites\/31\/2026\/01\/119-768x576.jpg 768w, http:\/\/www.asukkaidenvantaa.fi\/wp-content\/uploads\/sites\/31\/2026\/01\/119-560x420.jpg 560w, http:\/\/www.asukkaidenvantaa.fi\/wp-content\/uploads\/sites\/31\/2026\/01\/119-260x195.jpg 260w, http:\/\/www.asukkaidenvantaa.fi\/wp-content\/uploads\/sites\/31\/2026\/01\/119-160x120.jpg 160w, http:\/\/www.asukkaidenvantaa.fi\/wp-content\/uploads\/sites\/31\/2026\/01\/119-386x290.jpg 386w, http:\/\/www.asukkaidenvantaa.fi\/wp-content\/uploads\/sites\/31\/2026\/01\/119-290x218.jpg 290w, http:\/\/www.asukkaidenvantaa.fi\/wp-content\/uploads\/sites\/31\/2026\/01\/119-193x145.jpg 193w, http:\/\/www.asukkaidenvantaa.fi\/wp-content\/uploads\/sites\/31\/2026\/01\/119.jpg 1500w\" sizes=\"auto, (max-width: 1024px) 100vw, 1024px\" \/><\/a><\/figure>\n\n\n\n<p>Kuva: Vantaalaisten ty\u00f6v\u00e4enj\u00e4rjest\u00f6jen vappuaamu 2018.<\/p>\n\n\n\n<p>Muistomerkki on pystytetty vuonna 1948, siis 30 vuotta sis\u00e4llissodan j\u00e4lkeen. Muistomerkin paikalla on punaisten joukkohauta. Vantaalla on useampia punaisten joukkohautoja joista vain osa on l\u00f6ydetty. Luokkasodassa menehtyi taisteluissa tai vankileireill\u00e4 yhteens\u00e4 yli nelj\u00e4sataa vantaalaista punaista. Muistomerkin yhteyteen ei ole saatu nimilistaa kaatuneista vantaalaisista, vaikka asiaa on yritetty jopa valtuustoaloitteella ajaa. Vuonna 2018 luokkasodan p\u00e4\u00e4ttymisen 100-vuotisp\u00e4iv\u00e4n tienoilla luettiin Tikkurilassa \u00e4\u00e4neen kaikkien vantaalaisten tiedossa olevien punaisten kaatuneiden nimet, tilaisuus videoitiin. Vantaan museo pystytti vuonna 2019 opastaulun muistomerkin yhteyteen, jossa kerrotaan vuoden 1918 tapahtumista. Tarinat aukeavat QR koodilla.<\/p>\n\n\n\n<p><\/p>\n","protected":false},"excerpt":{"rendered":"<p>Perinteit\u00e4 kunnioittaen kokoonnutaan Vantaan Hiekkaharjuun punaisten muistomerkille su 25.1.2026 klo 11 luokkasodan alkamisen vuosip\u00e4iv\u00e4n merkeiss\u00e4. Muistomerkin ymp\u00e4rist\u00f6 on nimetty Punaisten puistoksi ja sijaitsee Urheilutien varressa vastap\u00e4\u00e4t\u00e4 Hiekkaharjun urheilukentt\u00e4\u00e4. Tilaisuuden j\u00e4rjest\u00e4v\u00e4t SKP:n Uudenmaan piirij\u00e4rjest\u00f6 ja SKP:n Vantaan kaupunkij\u00e4rjest\u00f6. Kuva: Vantaalaisten ty\u00f6v\u00e4enj\u00e4rjest\u00f6jen vappuaamu 2018. Muistomerkki on pystytetty vuonna 1948, siis 30 vuotta sis\u00e4llissodan j\u00e4lkeen. Muistomerkin paikalla on&hellip;<\/p>\n<p class=\"more-link-p\"><a class=\"more-link\" href=\"http:\/\/www.asukkaidenvantaa.fi\/?p=4910\">Lue lis\u00e4\u00e4 \u2192<\/a><\/p>\n","protected":false},"author":5003,"featured_media":4911,"comment_status":"closed","ping_status":"closed","sticky":false,"template":"","format":"standard","meta":{"footnotes":""},"categories":[1],"tags":[],"class_list":["post-4910","post","type-post","status-publish","format-standard","has-post-thumbnail","hentry","category-uncategorized"],"_links":{"self":[{"href":"http:\/\/www.asukkaidenvantaa.fi\/index.php?rest_route=\/wp\/v2\/posts\/4910","targetHints":{"allow":["GET"]}}],"collection":[{"href":"http:\/\/www.asukkaidenvantaa.fi\/index.php?rest_route=\/wp\/v2\/posts"}],"about":[{"href":"http:\/\/www.asukkaidenvantaa.fi\/index.php?rest_route=\/wp\/v2\/types\/post"}],"author":[{"embeddable":true,"href":"http:\/\/www.asukkaidenvantaa.fi\/index.php?rest_route=\/wp\/v2\/users\/5003"}],"replies":[{"embeddable":true,"href":"http:\/\/www.asukkaidenvantaa.fi\/index.php?rest_route=%2Fwp%2Fv2%2Fcomments&post=4910"}],"version-history":[{"count":1,"href":"http:\/\/www.asukkaidenvantaa.fi\/index.php?rest_route=\/wp\/v2\/posts\/4910\/revisions"}],"predecessor-version":[{"id":4912,"href":"http:\/\/www.asukkaidenvantaa.fi\/index.php?rest_route=\/wp\/v2\/posts\/4910\/revisions\/4912"}],"wp:featuredmedia":[{"embeddable":true,"href":"http:\/\/www.asukkaidenvantaa.fi\/index.php?rest_route=\/wp\/v2\/media\/4911"}],"wp:attachment":[{"href":"http:\/\/www.asukkaidenvantaa.fi\/index.php?rest_route=%2Fwp%2Fv2%2Fmedia&parent=4910"}],"wp:term":[{"taxonomy":"category","embeddable":true,"href":"http:\/\/www.asukkaidenvantaa.fi\/index.php?rest_route=%2Fwp%2Fv2%2Fcategories&post=4910"},{"taxonomy":"post_tag","embeddable":true,"href":"http:\/\/www.asukkaidenvantaa.fi\/index.php?rest_route=%2Fwp%2Fv2%2Ftags&post=4910"}],"curies":[{"name":"wp","href":"https:\/\/api.w.org\/{rel}","templated":true}]}}