{"id":4898,"date":"2025-09-17T05:59:11","date_gmt":"2025-09-17T05:59:11","guid":{"rendered":"https:\/\/www.asukkaidenvantaa.fi\/?p=4898"},"modified":"2025-09-17T05:59:11","modified_gmt":"2025-09-17T05:59:11","slug":"mahtava-viikonloppu-tiedonantaja-festivaali","status":"publish","type":"post","link":"http:\/\/www.asukkaidenvantaa.fi\/?p=4898","title":{"rendered":"Mahtava viikonloppu:  Tiedonantaja festivaali"},"content":{"rendered":"\n<p>Tiedonantaja festivaalia vietet\u00e4\u00e4n t\u00e4n\u00e4 vuonna Pasilassa, Rauhanasemalla ja Pasilan kirjastossa. L\u00e4hell\u00e4 ja helposti saavutettavissa vantaalaisille. Monipuolisesta ohjelmasta l\u00f6ytyy kiinnostavaa varmasti kaikille.<\/p>\n\n\n\n<figure class=\"wp-block-image size-large\"><a href=\"https:\/\/www.asukkaidenvantaa.fi\/wp-content\/uploads\/sites\/31\/2025\/09\/TA-fest-2025_yleis-Ig-postaus-1.jpg\"><img loading=\"lazy\" decoding=\"async\" width=\"805\" height=\"1024\" src=\"https:\/\/www.asukkaidenvantaa.fi\/wp-content\/uploads\/sites\/31\/2025\/09\/TA-fest-2025_yleis-Ig-postaus-1-805x1024.jpg\" alt=\"\" class=\"wp-image-4900\" srcset=\"http:\/\/www.asukkaidenvantaa.fi\/wp-content\/uploads\/sites\/31\/2025\/09\/TA-fest-2025_yleis-Ig-postaus-1-805x1024.jpg 805w, http:\/\/www.asukkaidenvantaa.fi\/wp-content\/uploads\/sites\/31\/2025\/09\/TA-fest-2025_yleis-Ig-postaus-1-236x300.jpg 236w, http:\/\/www.asukkaidenvantaa.fi\/wp-content\/uploads\/sites\/31\/2025\/09\/TA-fest-2025_yleis-Ig-postaus-1-768x977.jpg 768w, http:\/\/www.asukkaidenvantaa.fi\/wp-content\/uploads\/sites\/31\/2025\/09\/TA-fest-2025_yleis-Ig-postaus-1-560x712.jpg 560w, http:\/\/www.asukkaidenvantaa.fi\/wp-content\/uploads\/sites\/31\/2025\/09\/TA-fest-2025_yleis-Ig-postaus-1-260x331.jpg 260w, http:\/\/www.asukkaidenvantaa.fi\/wp-content\/uploads\/sites\/31\/2025\/09\/TA-fest-2025_yleis-Ig-postaus-1-160x204.jpg 160w, http:\/\/www.asukkaidenvantaa.fi\/wp-content\/uploads\/sites\/31\/2025\/09\/TA-fest-2025_yleis-Ig-postaus-1.jpg 1146w\" sizes=\"auto, (max-width: 805px) 100vw, 805px\" \/><\/a><\/figure>\n","protected":false},"excerpt":{"rendered":"<p>Tiedonantaja festivaalia vietet\u00e4\u00e4n t\u00e4n\u00e4 vuonna Pasilassa, Rauhanasemalla ja Pasilan kirjastossa. L\u00e4hell\u00e4 ja helposti saavutettavissa vantaalaisille. Monipuolisesta ohjelmasta l\u00f6ytyy kiinnostavaa varmasti kaikille.<\/p>\n<p class=\"more-link-p\"><a class=\"more-link\" href=\"http:\/\/www.asukkaidenvantaa.fi\/?p=4898\">Lue lis\u00e4\u00e4 \u2192<\/a><\/p>\n","protected":false},"author":5003,"featured_media":0,"comment_status":"closed","ping_status":"closed","sticky":false,"template":"","format":"standard","meta":{"footnotes":""},"categories":[504,1,10,35],"tags":[534],"class_list":["post-4898","post","type-post","status-publish","format-standard","hentry","category-etusivu","category-uncategorized","category-kulttuuri","category-tapahtumat","tag-tiedonantaja"],"_links":{"self":[{"href":"http:\/\/www.asukkaidenvantaa.fi\/index.php?rest_route=\/wp\/v2\/posts\/4898","targetHints":{"allow":["GET"]}}],"collection":[{"href":"http:\/\/www.asukkaidenvantaa.fi\/index.php?rest_route=\/wp\/v2\/posts"}],"about":[{"href":"http:\/\/www.asukkaidenvantaa.fi\/index.php?rest_route=\/wp\/v2\/types\/post"}],"author":[{"embeddable":true,"href":"http:\/\/www.asukkaidenvantaa.fi\/index.php?rest_route=\/wp\/v2\/users\/5003"}],"replies":[{"embeddable":true,"href":"http:\/\/www.asukkaidenvantaa.fi\/index.php?rest_route=%2Fwp%2Fv2%2Fcomments&post=4898"}],"version-history":[{"count":1,"href":"http:\/\/www.asukkaidenvantaa.fi\/index.php?rest_route=\/wp\/v2\/posts\/4898\/revisions"}],"predecessor-version":[{"id":4901,"href":"http:\/\/www.asukkaidenvantaa.fi\/index.php?rest_route=\/wp\/v2\/posts\/4898\/revisions\/4901"}],"wp:attachment":[{"href":"http:\/\/www.asukkaidenvantaa.fi\/index.php?rest_route=%2Fwp%2Fv2%2Fmedia&parent=4898"}],"wp:term":[{"taxonomy":"category","embeddable":true,"href":"http:\/\/www.asukkaidenvantaa.fi\/index.php?rest_route=%2Fwp%2Fv2%2Fcategories&post=4898"},{"taxonomy":"post_tag","embeddable":true,"href":"http:\/\/www.asukkaidenvantaa.fi\/index.php?rest_route=%2Fwp%2Fv2%2Ftags&post=4898"}],"curies":[{"name":"wp","href":"https:\/\/api.w.org\/{rel}","templated":true}]}}