{"id":1949,"date":"2013-12-07T12:03:10","date_gmt":"2013-12-07T12:03:10","guid":{"rendered":"http:\/\/www.asukkaidenvantaa.fi\/?p=1949"},"modified":"2013-12-07T12:03:10","modified_gmt":"2013-12-07T12:03:10","slug":"uudelleen-itsenaistyva-suomi-rita-dahlin-itsenaisyyspaivan-puhe","status":"publish","type":"post","link":"http:\/\/www.asukkaidenvantaa.fi\/?p=1949","title":{"rendered":"Uudelleen itsen\u00e4istyv\u00e4 Suomi, Rita Dahlin itsen\u00e4isyysp\u00e4iv\u00e4n puhe"},"content":{"rendered":"<p>Suomessa kirjailijan yhteiskunnallinen osallistuminen ei ole aina ollut yht\u00e4 itsest\u00e4\u00e4n selv\u00e4\u00e4 kuin esimerkiksi amerikkalaisten kirjailijoiden keskuudessa. Audre Lorden aktivismi l\u00e4hti liikkeelle h\u00e4nen karibialaisista juuristaan ja v\u00e4hemmist\u00f6taustastaan; samoin oli Muriel Rukeyserin kohdalla. Individualistisessa amerikkalaiskontekstissa my\u00f6s kirjailijoiden on t\u00e4ytynyt perinteisesti puolustaa itselleen t\u00e4rkeit\u00e4 asioita, jotka ovat usein liittyneet rotuun, luokkaan tai sukupuoleen.<br \/>\n<div id=\"attachment_1862\" style=\"width: 209px\" class=\"wp-caption alignright\"><a href=\"\/wp-content\/uploads\/sites\/31\/2013\/11\/ritaheadshot102.jpg\"><img loading=\"lazy\" decoding=\"async\" aria-describedby=\"caption-attachment-1862\" src=\"\/wp-content\/uploads\/sites\/31\/2013\/11\/ritaheadshot102-199x300.jpg\" alt=\"\" title=\"Rita Dahl\" width=\"199\" height=\"300\" class=\"size-medium wp-image-1862\" srcset=\"http:\/\/www.asukkaidenvantaa.fi\/wp-content\/uploads\/sites\/31\/2013\/11\/ritaheadshot102-199x300.jpg 199w, http:\/\/www.asukkaidenvantaa.fi\/wp-content\/uploads\/sites\/31\/2013\/11\/ritaheadshot102-682x1024.jpg 682w, http:\/\/www.asukkaidenvantaa.fi\/wp-content\/uploads\/sites\/31\/2013\/11\/ritaheadshot102.jpg 1181w\" sizes=\"auto, (max-width: 199px) 100vw, 199px\" \/><\/a><p id=\"caption-attachment-1862\" class=\"wp-caption-text\">Rita Dahl, SKP:n sitoutumaton eurovaaliehdokas <\/p><\/div>\n<p>En ole yhden asian ihminen, vaikka rotu, luokka ja sukupuoli ovat edelleen mielest\u00e4ni merkitt\u00e4vi\u00e4 taistelun arvoisia asioita monikulttuurisuuden ja kosmopoliittisuuden ohella. Viel\u00e4 huolestuttavampi kehityskulku on talouden lainalaisuuksien tunkeutuminen politiikan alueelle. <\/p>\n<p>Marxin tuotannontekij\u00f6ist\u00e4 erityisesti luonnonvarat ja ty\u00f6 ovat uhattuina, viittaan nyt muun muassa Talvivaaraan, kotimaiseen kaivospolitiikkaan ja perusoikeuksiensa puolesta taisteleviin mainostenjakajiin ja muihin akateemisesti koulutetun prekariaatin, esimerkiksi toimittajien, ja ty\u00f6l\u00e4isten edustajiin. Ty\u00f6t\u00e4 yritet\u00e4\u00e4n halventaa alentamalla minimipalkkoja, monistamalla oikeuksia ja kaappaamalla kaikki oikeudet, jolloin tekij\u00e4st\u00e4 tulee pelk\u00e4st\u00e4\u00e4n ty\u00f6n suorittaja. H\u00e4nen oikeutensa ty\u00f6ns\u00e4 mahdolliseen j\u00e4lkik\u00e4teiseen lis\u00e4arvoon raukeaa.<\/p>\n<p>Meid\u00e4n etumme ovat osin yht\u00e4l\u00e4iset!<\/p>\n<p>P\u00e4\u00e4omaa suojellaan, suurp\u00e4\u00e4oman omistajia. T\u00e4m\u00e4 on huolestuttavasti kehityskulku yhten\u00e4istyv\u00e4ss\u00e4 Euroopassa. Mutta t\u00e4m\u00e4 on ollut tiedossa EMUun liittymisest\u00e4 l\u00e4htien. <\/p>\n<p>Euroopan hiili- ja ter\u00e4sunioni alkoi rauhan ja j\u00e4lleenrakennuksen projektina: tarkoituksena oli saattaa sodan raunioittamat maat j\u00e4lleen taloudellisesti, sosiaalisesti ja kulttuurisesti jaloilleen.<\/p>\n<p>2010-luvulla talouden voimat uhkaavat voittaa politiikan kahdenv\u00e4lisess\u00e4 k\u00e4sirysyss\u00e4, joka muuttuukin kamppailusta yst\u00e4v\u00e4llismieliseksi syleilyksi ja liittolaisuudeksi.<\/p>\n<p>Finanssipolitiikan t\u00e4ydelliselle s\u00e4\u00e4telem\u00e4tt\u00f6myydelle tarvitaan rajat \u2013 Tobinin vero olisi vain pieni askel t\u00e4h\u00e4n suuntaan, mutta sekin n\u00e4ytt\u00e4\u00e4 silti mahdottomalta.<\/p>\n<p>Enemmist\u00f6n tyrannia<\/p>\n<p>Aatelistaustainen valtio-oppinut Alexis de Tocqueville, joka tunnetaan erityisesti Democracy in America \u2013teoksestaan, on ajankohtainen viel\u00e4 nyky\u00e4\u00e4n. P\u00e4\u00e4teoksessaan de Tocqueville ruotii enemmist\u00f6n tyranniaksi kutsumaansa demokratiaa. Enemmist\u00f6tyranniaa vastaan on mahdollista taistella vain valtaa hajauttamalla, vastakohtana keskitt\u00e4miselle. <\/p>\n<p>Enemmist\u00f6n tyranniana voi edelleen pit\u00e4\u00e4 m\u00e4\u00e4r\u00e4enemmist\u00f6\u00f6n perustuvaa demokratiaa, jossa valituksi tulevat kansanedustajat ja poliitikot, joiden kansalaiset eiv\u00e4t koe edustavan itse\u00e4\u00e4n.   Hallitukset ovat m\u00e4\u00e4r\u00e4tietoisesti ja johdonmukaisesti KAVAKUsta l\u00e4htien kannattaneet kuntien peruspalveluiden yksityist\u00e4mist\u00e4 ja ulkoistamista kustannustehokkuuden nimiss\u00e4. Politiikassa vaikuttavat enenev\u00e4ss\u00e4 m\u00e4\u00e4rin talouden lainalaisuudet, tosin ristiriitaisesti sen tehoa rapauttavasti. Sote-sektorin peruspalveluista leikataan m\u00e4\u00e4r\u00e4tietoisesti ja muutetaan luonteeltaan julkisesta. Suuret veroparatiisiyhti\u00f6t ovat l\u00e4hes monopoleja alalla, eiv\u00e4tk\u00e4 pienet toimijat pysty kilpailemaan niiden kanssa hinnoissa.<\/p>\n<p>Eurooppalaiset hallitukset suosivat libertaristista talouspolitiikkaa, jossa yhteist\u00e4 hyv\u00e4\u00e4 ajatellaan kapean kaupallisen sapluunan kautta.<\/p>\n<p>Kansallinen suvereenius on uhattuna monikansallisten yhti\u00f6iden taholta. GMO-taistelu voitettiin, mutta Euroopan ja Yhdysvaltain vapaakauppasopimus voi uhata jopa itsen\u00e4isten kansallisvaltioiden intressien toteutumista Unionissa. Sopimus tuonee muassa erityisen markkinatuomioistuimen, jossa istuvat oikeusasiantuntijat eiv\u00e4t ole puolueettomia, vaan suojelevat suuryhti\u00f6iden intressej\u00e4. N\u00e4in suuryhti\u00f6iden intressit saattaisivat menn\u00e4 kansallisten edelle. <\/p>\n<p>My\u00f6s asiantuntijapuheenvuorot EK:sta talousalan vaikuttajiin (muun muassa Juhana Vartiainen) tuntuvat suosivan yksil\u00f6keskeisi\u00e4, ihmisen unohtavia puheenvuoroja, joissa korostetaan ihmisen utilit\u00e4\u00e4rist\u00e4 raivaajaluonnetta. Kaikista ei ole kuitenkaan Koskeloiksi.<\/p>\n<p>Liittovaltiokehitys, jota kansanomaiset poliitikot ennustelivat jo EU:hun liittymisen alkuaikoina, n\u00e4ytt\u00e4\u00e4 olevan v\u00e4ltt\u00e4m\u00e4tt\u00f6myys. EMU:a suunniteltaessa ei suunniteltu tarpeeksi hyvin erilaisten j\u00e4senvaltioiden talouspolitiikan yhten\u00e4ist\u00e4mist\u00e4 esimerkiksi harmonisen verotuksen avulla, eik\u00e4 julkisen sektorin tarpeita. Sen sijaan pankkeja varten on olemassa erityiset puskurirahastot. Pankit ovat EMUn erityissuojeluksessa.<\/p>\n<p>Me olemme halunneet n\u00e4in.<\/p>\n<p>Eurokriittisten \u2013tai skeptisten voimien on tullut aika koota yhteen voimansa. Talouden mahtavien voimien ulottaessa lonkeroitaan yh\u00e4 voimallisemmin pankkien ja monikansallisten yhti\u00f6iden kautta politiikkaan, kansalaisten ja kansalaisyhteiskunnan on aktivoiduttava massiivisena vastavoimana. <\/p>\n<p>Suomessa on turvauduttu neuvoa-antavaan kansan\u00e4\u00e4nestykseen \u00e4\u00e4nestett\u00e4ess\u00e4 kieltolaista ja EU:hun liittymisest\u00e4 1995. Nyt olisi aika mitata EU:n kannatus uudestaan kansan\u00e4\u00e4nestyksess\u00e4, jonka voisi toteuttaa realistisesti arvioiden ei seuraavien, vaan sit\u00e4 seuraavien eduskuntavaalien yhteydess\u00e4. <\/p>\n<p>Itsen\u00e4isen Suomen on aika p\u00e4\u00e4tt\u00e4\u00e4 itsen\u00e4istymisest\u00e4\u00e4n toistamiseen. Vaaleissa sinun pit\u00e4\u00e4 k\u00e4ytt\u00e4\u00e4 \u00e4\u00e4nt\u00e4si. <\/p>\n<p>Rita Dahl<br \/>\nkirjailija, sopraano, SKP:n sitoutumaton eurovaaliehdokas<\/p>\n","protected":false},"excerpt":{"rendered":"<p>Suomessa kirjailijan yhteiskunnallinen osallistuminen ei ole aina ollut yht\u00e4 itsest\u00e4\u00e4n selv\u00e4\u00e4 kuin esimerkiksi amerikkalaisten kirjailijoiden keskuudessa. Audre Lorden aktivismi l\u00e4hti liikkeelle h\u00e4nen karibialaisista juuristaan ja v\u00e4hemmist\u00f6taustastaan; samoin oli Muriel Rukeyserin kohdalla. Individualistisessa amerikkalaiskontekstissa my\u00f6s kirjailijoiden on t\u00e4ytynyt perinteisesti puolustaa itselleen t\u00e4rkeit\u00e4 asioita, jotka ovat usein liittyneet rotuun, luokkaan tai sukupuoleen. En ole yhden asian ihminen,&hellip;<\/p>\n<p class=\"more-link-p\"><a class=\"more-link\" href=\"http:\/\/www.asukkaidenvantaa.fi\/?p=1949\">Lue lis\u00e4\u00e4 \u2192<\/a><\/p>\n","protected":false},"author":5003,"featured_media":1862,"comment_status":"open","ping_status":"open","sticky":false,"template":"","format":"standard","meta":{"footnotes":""},"categories":[1],"tags":[],"class_list":["post-1949","post","type-post","status-publish","format-standard","has-post-thumbnail","hentry","category-uncategorized"],"_links":{"self":[{"href":"http:\/\/www.asukkaidenvantaa.fi\/index.php?rest_route=\/wp\/v2\/posts\/1949","targetHints":{"allow":["GET"]}}],"collection":[{"href":"http:\/\/www.asukkaidenvantaa.fi\/index.php?rest_route=\/wp\/v2\/posts"}],"about":[{"href":"http:\/\/www.asukkaidenvantaa.fi\/index.php?rest_route=\/wp\/v2\/types\/post"}],"author":[{"embeddable":true,"href":"http:\/\/www.asukkaidenvantaa.fi\/index.php?rest_route=\/wp\/v2\/users\/5003"}],"replies":[{"embeddable":true,"href":"http:\/\/www.asukkaidenvantaa.fi\/index.php?rest_route=%2Fwp%2Fv2%2Fcomments&post=1949"}],"version-history":[{"count":8,"href":"http:\/\/www.asukkaidenvantaa.fi\/index.php?rest_route=\/wp\/v2\/posts\/1949\/revisions"}],"predecessor-version":[{"id":1958,"href":"http:\/\/www.asukkaidenvantaa.fi\/index.php?rest_route=\/wp\/v2\/posts\/1949\/revisions\/1958"}],"wp:featuredmedia":[{"embeddable":true,"href":"http:\/\/www.asukkaidenvantaa.fi\/index.php?rest_route=\/wp\/v2\/media\/1862"}],"wp:attachment":[{"href":"http:\/\/www.asukkaidenvantaa.fi\/index.php?rest_route=%2Fwp%2Fv2%2Fmedia&parent=1949"}],"wp:term":[{"taxonomy":"category","embeddable":true,"href":"http:\/\/www.asukkaidenvantaa.fi\/index.php?rest_route=%2Fwp%2Fv2%2Fcategories&post=1949"},{"taxonomy":"post_tag","embeddable":true,"href":"http:\/\/www.asukkaidenvantaa.fi\/index.php?rest_route=%2Fwp%2Fv2%2Ftags&post=1949"}],"curies":[{"name":"wp","href":"https:\/\/api.w.org\/{rel}","templated":true}]}}